{"id":15902,"date":"2016-02-02T11:40:23","date_gmt":"2016-02-02T10:40:23","guid":{"rendered":"https:\/\/marcus.sk\/blog\/zavesny-system-pro-obrazy-do-sadrokartonovych-sten\/"},"modified":"2016-02-02T11:40:23","modified_gmt":"2016-02-02T10:40:23","slug":"zavesny-system-pro-obrazy-do-sadrokartonovych-sten","status":"publish","type":"post","link":"https:\/\/marcus.sk\/blog\/cs\/zavesny-system-pro-obrazy-do-sadrokartonovych-sten\/","title":{"rendered":"Z\u00e1v\u011bsn\u00fd syst\u00e9m pro obrazy do s\u00e1drokartonov\u00fdch st\u011bn"},"content":{"rendered":"<h2>Z\u00e1v\u011bsn\u00fd syst\u00e9m<\/h2>\n<p>Velmi dobr\u00fdm \u0159e\u0161en\u00edm pro upevn\u011bn\u00ed obraz\u016f tak, aby bylo mo\u017en\u00e9 um\u00edstit obrazy bez vrt\u00e1n\u00ed do st\u011bn, je z\u00e1v\u011bsn\u00fd syst\u00e9m na obrazy PROTEKTOR. Pomoc\u00ed pohybliv\u00fdch z\u00e1v\u011bs\u016f m\u016f\u017eete m\u011bnit polohu obraz\u016f na v\u00fd\u0161ku i na d\u00e9lku. K dispozici jsou dv\u011b \u0159e\u0161en\u00ed:  <\/p>\n<ul>\n<li><a href=\"https:\/\/www.marcus.sk\/sk\/profily-na-sadrokarton-protektor\/410-zavesny-system-na-obrazy-c1118.html\">upevn\u011bn\u00ed kotevn\u00ed ty\u010de, kter\u00e1 se upev\u0148uje do st\u011bny SDK.<\/a><\/li>\n<li><a href=\"https:\/\/www.marcus.sk\/sk\/profily-na-sadrokarton-protektor\/411-zavesny-system-na-obrazy-c92118.html\">z\u00e1v\u011bsn\u00e1 ty\u010d upevn\u011bn\u00e1 v podhledu v prostoru v tzv. <\/a><\/li>\n<\/ul>\n<div data-carousel-extra='{&quot;blog_id&quot;:1,&quot;permalink&quot;:&quot;https:\/\/marcus.sk\/blog\/cs\/zavesny-system-pro-obrazy-do-sadrokartonovych-sten\/&quot;}' id='gallery-1' class='gallery galleryid-15902 gallery-columns-3 gallery-size-thumbnail'><figure class='gallery-item'>\n\t\t\t<div class='gallery-icon landscape'>\n\t\t\t\t<a href='https:\/\/marcus.sk\/blog\/cs\/zavesny-system-pro-obrazy-do-sadrokartonovych-sten\/zavesny-system-na-obrazy-protektor-2\/'><img loading=\"lazy\" decoding=\"async\" width=\"150\" height=\"150\" src=\"https:\/\/marcus.sk\/blog\/wp-content\/uploads\/2016\/02\/zavesny-system-na-obrazy-protektor-150x150.jpg\" class=\"attachment-thumbnail size-thumbnail\" alt=\"\" aria-describedby=\"gallery-1-9194\" data-attachment-id=\"9194\" data-permalink=\"https:\/\/marcus.sk\/blog\/cs\/zavesny-system-pro-obrazy-do-sadrokartonovych-sten\/zavesny-system-na-obrazy-protektor-2\/\" data-orig-file=\"https:\/\/marcus.sk\/blog\/wp-content\/uploads\/2016\/02\/zavesny-system-na-obrazy-protektor.jpg\" data-orig-size=\"439,309\" data-comments-opened=\"1\" data-image-meta=\"{&quot;aperture&quot;:&quot;0&quot;,&quot;credit&quot;:&quot;&quot;,&quot;camera&quot;:&quot;&quot;,&quot;caption&quot;:&quot;&quot;,&quot;created_timestamp&quot;:&quot;0&quot;,&quot;copyright&quot;:&quot;&quot;,&quot;focal_length&quot;:&quot;0&quot;,&quot;iso&quot;:&quot;0&quot;,&quot;shutter_speed&quot;:&quot;0&quot;,&quot;title&quot;:&quot;&quot;,&quot;orientation&quot;:&quot;0&quot;}\" data-image-title=\"zavesny-system-na-obrazy-protektor\" data-image-description=\"\" data-image-caption=\"&lt;p&gt;Sch\u00e9ma v reze sadrokart\u00f3novej stene&lt;\/p&gt;\n\" data-medium-file=\"https:\/\/marcus.sk\/blog\/wp-content\/uploads\/2016\/02\/zavesny-system-na-obrazy-protektor-300x211.jpg\" data-large-file=\"https:\/\/marcus.sk\/blog\/wp-content\/uploads\/2016\/02\/zavesny-system-na-obrazy-protektor.jpg\" \/><\/a>\n\t\t\t<\/div>\n\t\t\t\t<figcaption class='wp-caption-text gallery-caption' id='gallery-1-9194'>\n\t\t\t\tSch\u00e9ma v reze sadrokart\u00f3novej stene\n\t\t\t\t<\/figcaption><\/figure><figure class='gallery-item'>\n\t\t\t<div class='gallery-icon landscape'>\n\t\t\t\t<a href='https:\/\/marcus.sk\/blog\/cs\/zavesny-system-pro-obrazy-do-sadrokartonovych-sten\/zavesny-system-na-obrazy-stas-2\/'><img loading=\"lazy\" decoding=\"async\" width=\"150\" height=\"150\" src=\"https:\/\/marcus.sk\/blog\/wp-content\/uploads\/2016\/02\/zavesny-system-na-obrazy-stas-150x150.jpg\" class=\"attachment-thumbnail size-thumbnail\" alt=\"\" aria-describedby=\"gallery-1-9186\" data-attachment-id=\"9186\" data-permalink=\"https:\/\/marcus.sk\/blog\/cs\/zavesny-system-pro-obrazy-do-sadrokartonovych-sten\/zavesny-system-na-obrazy-stas-2\/\" data-orig-file=\"https:\/\/marcus.sk\/blog\/wp-content\/uploads\/2016\/02\/zavesny-system-na-obrazy-stas.jpg\" data-orig-size=\"924,734\" data-comments-opened=\"1\" data-image-meta=\"{&quot;aperture&quot;:&quot;0&quot;,&quot;credit&quot;:&quot;&quot;,&quot;camera&quot;:&quot;&quot;,&quot;caption&quot;:&quot;&quot;,&quot;created_timestamp&quot;:&quot;0&quot;,&quot;copyright&quot;:&quot;&quot;,&quot;focal_length&quot;:&quot;0&quot;,&quot;iso&quot;:&quot;0&quot;,&quot;shutter_speed&quot;:&quot;0&quot;,&quot;title&quot;:&quot;&quot;,&quot;orientation&quot;:&quot;0&quot;}\" data-image-title=\"zavesny-system-na-obrazy-stas\" data-image-description=\"\" data-image-caption=\"&lt;p&gt;Z\u00e1ves v ploche steny SDK&lt;\/p&gt;\n\" data-medium-file=\"https:\/\/marcus.sk\/blog\/wp-content\/uploads\/2016\/02\/zavesny-system-na-obrazy-stas-300x238.jpg\" data-large-file=\"https:\/\/marcus.sk\/blog\/wp-content\/uploads\/2016\/02\/zavesny-system-na-obrazy-stas.jpg\" \/><\/a>\n\t\t\t<\/div>\n\t\t\t\t<figcaption class='wp-caption-text gallery-caption' id='gallery-1-9186'>\n\t\t\t\tZ\u00e1ves v ploche steny SDK\n\t\t\t\t<\/figcaption><\/figure><figure class='gallery-item'>\n\t\t\t<div class='gallery-icon portrait'>\n\t\t\t\t<a href='https:\/\/marcus.sk\/blog\/cs\/zavesny-system-pro-obrazy-do-sadrokartonovych-sten\/zavesny_system_protektor-2\/'><img loading=\"lazy\" decoding=\"async\" width=\"150\" height=\"150\" src=\"https:\/\/marcus.sk\/blog\/wp-content\/uploads\/2016\/02\/zavesny_system_protektor-150x150.jpg\" class=\"attachment-thumbnail size-thumbnail\" alt=\"\" aria-describedby=\"gallery-1-9188\" data-attachment-id=\"9188\" data-permalink=\"https:\/\/marcus.sk\/blog\/cs\/zavesny-system-pro-obrazy-do-sadrokartonovych-sten\/zavesny_system_protektor-2\/\" data-orig-file=\"https:\/\/marcus.sk\/blog\/wp-content\/uploads\/2016\/02\/zavesny_system_protektor.jpg\" data-orig-size=\"342,447\" data-comments-opened=\"1\" data-image-meta=\"{&quot;aperture&quot;:&quot;0&quot;,&quot;credit&quot;:&quot;&quot;,&quot;camera&quot;:&quot;&quot;,&quot;caption&quot;:&quot;&quot;,&quot;created_timestamp&quot;:&quot;0&quot;,&quot;copyright&quot;:&quot;&quot;,&quot;focal_length&quot;:&quot;0&quot;,&quot;iso&quot;:&quot;0&quot;,&quot;shutter_speed&quot;:&quot;0&quot;,&quot;title&quot;:&quot;&quot;,&quot;orientation&quot;:&quot;0&quot;}\" data-image-title=\"z\u00e1vesn\u00fd_syst\u00e9m_protektor\" data-image-description=\"\" data-image-caption=\"&lt;p&gt;Ilustr\u00e1cia pou\u017eitia&lt;\/p&gt;\n\" data-medium-file=\"https:\/\/marcus.sk\/blog\/wp-content\/uploads\/2016\/02\/zavesny_system_protektor-230x300.jpg\" data-large-file=\"https:\/\/marcus.sk\/blog\/wp-content\/uploads\/2016\/02\/zavesny_system_protektor.jpg\" \/><\/a>\n\t\t\t<\/div>\n\t\t\t\t<figcaption class='wp-caption-text gallery-caption' id='gallery-1-9188'>\n\t\t\t\tIlustr\u00e1cia pou\u017eitia\n\t\t\t\t<\/figcaption><\/figure><figure class='gallery-item'>\n\t\t\t<div class='gallery-icon landscape'>\n\t\t\t\t<a href='https:\/\/marcus.sk\/blog\/cs\/zavesny-system-pro-obrazy-do-sadrokartonovych-sten\/zavesny-system-na-obrazy-1-2\/'><img loading=\"lazy\" decoding=\"async\" width=\"150\" height=\"150\" src=\"https:\/\/marcus.sk\/blog\/wp-content\/uploads\/2016\/02\/zavesny-system-na-obrazy-1-150x150.jpg\" class=\"attachment-thumbnail size-thumbnail\" alt=\"\" aria-describedby=\"gallery-1-7910\" srcset=\"https:\/\/marcus.sk\/blog\/wp-content\/uploads\/2016\/02\/zavesny-system-na-obrazy-1-150x150.jpg 150w, https:\/\/marcus.sk\/blog\/wp-content\/uploads\/2016\/02\/zavesny-system-na-obrazy-1-60x60.jpg 60w\" sizes=\"auto, (max-width: 150px) 100vw, 150px\" data-attachment-id=\"7910\" data-permalink=\"https:\/\/marcus.sk\/blog\/cs\/zavesny-system-pro-obrazy-do-sadrokartonovych-sten\/zavesny-system-na-obrazy-1-2\/\" data-orig-file=\"https:\/\/marcus.sk\/blog\/wp-content\/uploads\/2016\/02\/zavesny-system-na-obrazy-1.jpg\" data-orig-size=\"319,261\" data-comments-opened=\"1\" data-image-meta=\"{&quot;aperture&quot;:&quot;0&quot;,&quot;credit&quot;:&quot;&quot;,&quot;camera&quot;:&quot;&quot;,&quot;caption&quot;:&quot;&quot;,&quot;created_timestamp&quot;:&quot;0&quot;,&quot;copyright&quot;:&quot;&quot;,&quot;focal_length&quot;:&quot;0&quot;,&quot;iso&quot;:&quot;0&quot;,&quot;shutter_speed&quot;:&quot;0&quot;,&quot;title&quot;:&quot;&quot;,&quot;orientation&quot;:&quot;0&quot;}\" data-image-title=\"zavesny-system-na-obrazy-1\" data-image-description=\"&lt;p&gt;zavesny-system-na-obrazy-1&lt;\/p&gt;\n\" data-image-caption=\"&lt;p&gt;Mo\u017enos\u0165 regul\u00e1cie umiestnenia obrazov&lt;\/p&gt;\n\" data-medium-file=\"https:\/\/marcus.sk\/blog\/wp-content\/uploads\/2016\/02\/zavesny-system-na-obrazy-1-300x245.jpg\" data-large-file=\"https:\/\/marcus.sk\/blog\/wp-content\/uploads\/2016\/02\/zavesny-system-na-obrazy-1.jpg\" \/><\/a>\n\t\t\t<\/div>\n\t\t\t\t<figcaption class='wp-caption-text gallery-caption' id='gallery-1-7910'>\n\t\t\t\tMo\u017enos\u0165 regul\u00e1cie umiestnenia obrazov\n\t\t\t\t<\/figcaption><\/figure><figure class='gallery-item'>\n\t\t\t<div class='gallery-icon portrait'>\n\t\t\t\t<a href='https:\/\/marcus.sk\/blog\/cs\/zavesny-system-pro-obrazy-do-sadrokartonovych-sten\/zavesny-system-na-obrazy-stas-v-tienovej-spare-1-2\/'><img loading=\"lazy\" decoding=\"async\" width=\"150\" height=\"150\" src=\"https:\/\/marcus.sk\/blog\/wp-content\/uploads\/2016\/02\/zavesny-system-na-obrazy-stas-v-tienovej-spare-1-1-150x150.jpg\" class=\"attachment-thumbnail size-thumbnail\" alt=\"\" aria-describedby=\"gallery-1-9190\" data-attachment-id=\"9190\" data-permalink=\"https:\/\/marcus.sk\/blog\/cs\/zavesny-system-pro-obrazy-do-sadrokartonovych-sten\/zavesny-system-na-obrazy-stas-v-tienovej-spare-1-2\/\" data-orig-file=\"https:\/\/marcus.sk\/blog\/wp-content\/uploads\/2016\/02\/zavesny-system-na-obrazy-stas-v-tienovej-spare-1-1.jpg\" data-orig-size=\"371,461\" data-comments-opened=\"1\" data-image-meta=\"{&quot;aperture&quot;:&quot;0&quot;,&quot;credit&quot;:&quot;&quot;,&quot;camera&quot;:&quot;&quot;,&quot;caption&quot;:&quot;&quot;,&quot;created_timestamp&quot;:&quot;0&quot;,&quot;copyright&quot;:&quot;&quot;,&quot;focal_length&quot;:&quot;0&quot;,&quot;iso&quot;:&quot;0&quot;,&quot;shutter_speed&quot;:&quot;0&quot;,&quot;title&quot;:&quot;&quot;,&quot;orientation&quot;:&quot;0&quot;}\" data-image-title=\"zavesny-system-na-obrazy-stas-v-tienovej-spare-1\" data-image-description=\"\" data-image-caption=\"&lt;p&gt;Ilustr\u00e1cia pou\u017eitia&lt;\/p&gt;\n\" data-medium-file=\"https:\/\/marcus.sk\/blog\/wp-content\/uploads\/2016\/02\/zavesny-system-na-obrazy-stas-v-tienovej-spare-1-1-241x300.jpg\" data-large-file=\"https:\/\/marcus.sk\/blog\/wp-content\/uploads\/2016\/02\/zavesny-system-na-obrazy-stas-v-tienovej-spare-1-1.jpg\" \/><\/a>\n\t\t\t<\/div>\n\t\t\t\t<figcaption class='wp-caption-text gallery-caption' id='gallery-1-9190'>\n\t\t\t\tIlustr\u00e1cia pou\u017eitia\n\t\t\t\t<\/figcaption><\/figure><figure class='gallery-item'>\n\t\t\t<div class='gallery-icon landscape'>\n\t\t\t\t<a href='https:\/\/marcus.sk\/blog\/cs\/zavesny-system-pro-obrazy-do-sadrokartonovych-sten\/zavesny-system-na-obrazy-stas-v-tienovej-spare-2-2\/'><img loading=\"lazy\" decoding=\"async\" width=\"150\" height=\"150\" src=\"https:\/\/marcus.sk\/blog\/wp-content\/uploads\/2016\/02\/zavesny-system-na-obrazy-stas-v-tienovej-spare-1-150x150.jpg\" class=\"attachment-thumbnail size-thumbnail\" alt=\"\" aria-describedby=\"gallery-1-9184\" data-attachment-id=\"9184\" data-permalink=\"https:\/\/marcus.sk\/blog\/cs\/zavesny-system-pro-obrazy-do-sadrokartonovych-sten\/zavesny-system-na-obrazy-stas-v-tienovej-spare-2-2\/\" data-orig-file=\"https:\/\/marcus.sk\/blog\/wp-content\/uploads\/2016\/02\/zavesny-system-na-obrazy-stas-v-tienovej-spare-1.jpg\" data-orig-size=\"937,574\" data-comments-opened=\"1\" data-image-meta=\"{&quot;aperture&quot;:&quot;0&quot;,&quot;credit&quot;:&quot;&quot;,&quot;camera&quot;:&quot;&quot;,&quot;caption&quot;:&quot;&quot;,&quot;created_timestamp&quot;:&quot;0&quot;,&quot;copyright&quot;:&quot;&quot;,&quot;focal_length&quot;:&quot;0&quot;,&quot;iso&quot;:&quot;0&quot;,&quot;shutter_speed&quot;:&quot;0&quot;,&quot;title&quot;:&quot;&quot;,&quot;orientation&quot;:&quot;0&quot;}\" data-image-title=\"zavesny-system-na-obrazy-stas-v-tienovej-spare\" data-image-description=\"\" data-image-caption=\"&lt;p&gt;Z\u00e1ves v tie\u00a7ovej \u0161p\u00e1re&lt;\/p&gt;\n\" data-medium-file=\"https:\/\/marcus.sk\/blog\/wp-content\/uploads\/2016\/02\/zavesny-system-na-obrazy-stas-v-tienovej-spare-1-300x184.jpg\" data-large-file=\"https:\/\/marcus.sk\/blog\/wp-content\/uploads\/2016\/02\/zavesny-system-na-obrazy-stas-v-tienovej-spare-1.jpg\" \/><\/a>\n\t\t\t<\/div>\n\t\t\t\t<figcaption class='wp-caption-text gallery-caption' id='gallery-1-9184'>\n\t\t\t\tZ\u00e1ves v tie\u00a7ovej \u0161p\u00e1re\n\t\t\t\t<\/figcaption><\/figure><figure class='gallery-item'>\n\t\t\t<div class='gallery-icon landscape'>\n\t\t\t\t<a href='https:\/\/marcus.sk\/blog\/cs\/zavesny-system-pro-obrazy-do-sadrokartonovych-sten\/img20231109141758-2\/'><img loading=\"lazy\" decoding=\"async\" width=\"150\" height=\"150\" src=\"https:\/\/marcus.sk\/blog\/wp-content\/uploads\/2016\/02\/IMG20231109141758-scaled-e1699902072739-150x150.jpg\" class=\"attachment-thumbnail size-thumbnail\" alt=\"\" aria-describedby=\"gallery-1-12180\" data-attachment-id=\"12180\" data-permalink=\"https:\/\/marcus.sk\/blog\/cs\/zavesny-system-pro-obrazy-do-sadrokartonovych-sten\/img20231109141758-2\/\" data-orig-file=\"https:\/\/marcus.sk\/blog\/wp-content\/uploads\/2016\/02\/IMG20231109141758-scaled-e1699902072739.jpg\" data-orig-size=\"2560,1444\" data-comments-opened=\"1\" data-image-meta=\"{&quot;aperture&quot;:&quot;1.7&quot;,&quot;credit&quot;:&quot;&quot;,&quot;camera&quot;:&quot;OPPO Reno5 Z&quot;,&quot;caption&quot;:&quot;&quot;,&quot;created_timestamp&quot;:&quot;1699539478&quot;,&quot;copyright&quot;:&quot;&quot;,&quot;focal_length&quot;:&quot;4.71&quot;,&quot;iso&quot;:&quot;712&quot;,&quot;shutter_speed&quot;:&quot;0.01&quot;,&quot;title&quot;:&quot;&quot;,&quot;orientation&quot;:&quot;1&quot;}\" data-image-title=\"Li\u0161ta na zavesenie\" data-image-description=\"&lt;p&gt;Li\u0161ta na zavesenie obrazov v omietke&lt;\/p&gt;\n\" data-image-caption=\"&lt;p&gt;Li\u0161ta na zavesenie obrazov v omietke&lt;\/p&gt;\n\" data-medium-file=\"https:\/\/marcus.sk\/blog\/wp-content\/uploads\/2016\/02\/IMG20231109141758-scaled-e1699902072739-300x169.jpg\" data-large-file=\"https:\/\/marcus.sk\/blog\/wp-content\/uploads\/2016\/02\/IMG20231109141758-scaled-e1699902072739-1024x578.jpg\" \/><\/a>\n\t\t\t<\/div>\n\t\t\t\t<figcaption class='wp-caption-text gallery-caption' id='gallery-1-12180'>\n\t\t\t\tLi\u0161ta na zavesenie obrazov v omietke\n\t\t\t\t<\/figcaption><\/figure><figure class='gallery-item'>\n\t\t\t<div class='gallery-icon landscape'>\n\t\t\t\t<a href='https:\/\/marcus.sk\/blog\/cs\/zavesny-system-pro-obrazy-do-sadrokartonovych-sten\/zavesny-system-na-obrazy-3-2\/'><img loading=\"lazy\" decoding=\"async\" width=\"150\" height=\"150\" src=\"https:\/\/marcus.sk\/blog\/wp-content\/uploads\/2016\/02\/zavesny-system-na-obrazy-3-150x150.jpg\" class=\"attachment-thumbnail size-thumbnail\" alt=\"\" aria-describedby=\"gallery-1-7912\" srcset=\"https:\/\/marcus.sk\/blog\/wp-content\/uploads\/2016\/02\/zavesny-system-na-obrazy-3-150x150.jpg 150w, https:\/\/marcus.sk\/blog\/wp-content\/uploads\/2016\/02\/zavesny-system-na-obrazy-3-60x60.jpg 60w\" sizes=\"auto, (max-width: 150px) 100vw, 150px\" data-attachment-id=\"7912\" data-permalink=\"https:\/\/marcus.sk\/blog\/cs\/zavesny-system-pro-obrazy-do-sadrokartonovych-sten\/zavesny-system-na-obrazy-3-2\/\" data-orig-file=\"https:\/\/marcus.sk\/blog\/wp-content\/uploads\/2016\/02\/zavesny-system-na-obrazy-3.jpg\" data-orig-size=\"849,509\" data-comments-opened=\"1\" data-image-meta=\"{&quot;aperture&quot;:&quot;0&quot;,&quot;credit&quot;:&quot;&quot;,&quot;camera&quot;:&quot;&quot;,&quot;caption&quot;:&quot;&quot;,&quot;created_timestamp&quot;:&quot;0&quot;,&quot;copyright&quot;:&quot;&quot;,&quot;focal_length&quot;:&quot;0&quot;,&quot;iso&quot;:&quot;0&quot;,&quot;shutter_speed&quot;:&quot;0&quot;,&quot;title&quot;:&quot;&quot;,&quot;orientation&quot;:&quot;0&quot;}\" data-image-title=\"zavesny-system-na-obrazy-3\" data-image-description=\"&lt;p&gt;zavesny-system-na-obrazy-1&lt;\/p&gt;\n\" data-image-caption=\"&lt;p&gt;Obrazy zaves\u00edte jednoducho&lt;\/p&gt;\n\" data-medium-file=\"https:\/\/marcus.sk\/blog\/wp-content\/uploads\/2016\/02\/zavesny-system-na-obrazy-3-300x180.jpg\" data-large-file=\"https:\/\/marcus.sk\/blog\/wp-content\/uploads\/2016\/02\/zavesny-system-na-obrazy-3.jpg\" \/><\/a>\n\t\t\t<\/div>\n\t\t\t\t<figcaption class='wp-caption-text gallery-caption' id='gallery-1-7912'>\n\t\t\t\tObrazy zaves\u00edte jednoducho\n\t\t\t\t<\/figcaption><\/figure><figure class='gallery-item'>\n\t\t\t<div class='gallery-icon landscape'>\n\t\t\t\t<a href='https:\/\/marcus.sk\/blog\/cs\/zavesny-system-pro-obrazy-do-sadrokartonovych-sten\/zavesny-system-na-obrazy-chodba-2\/'><img loading=\"lazy\" decoding=\"async\" width=\"150\" height=\"150\" src=\"https:\/\/marcus.sk\/blog\/wp-content\/uploads\/2016\/02\/zavesny-system-na-obrazy-chodba-150x150.jpg\" class=\"attachment-thumbnail size-thumbnail\" alt=\"\" aria-describedby=\"gallery-1-9192\" data-attachment-id=\"9192\" data-permalink=\"https:\/\/marcus.sk\/blog\/cs\/zavesny-system-pro-obrazy-do-sadrokartonovych-sten\/zavesny-system-na-obrazy-chodba-2\/\" data-orig-file=\"https:\/\/marcus.sk\/blog\/wp-content\/uploads\/2016\/02\/zavesny-system-na-obrazy-chodba.jpg\" data-orig-size=\"687,496\" data-comments-opened=\"1\" data-image-meta=\"{&quot;aperture&quot;:&quot;0&quot;,&quot;credit&quot;:&quot;&quot;,&quot;camera&quot;:&quot;&quot;,&quot;caption&quot;:&quot;&quot;,&quot;created_timestamp&quot;:&quot;0&quot;,&quot;copyright&quot;:&quot;&quot;,&quot;focal_length&quot;:&quot;0&quot;,&quot;iso&quot;:&quot;0&quot;,&quot;shutter_speed&quot;:&quot;0&quot;,&quot;title&quot;:&quot;&quot;,&quot;orientation&quot;:&quot;0&quot;}\" data-image-title=\"zavesny-system-na-obrazy-chodba\" data-image-description=\"\" data-image-caption=\"&lt;p&gt;Pou\u017eitie u n\u00e1\u0161ho z\u00e1kazn\u00edka&lt;\/p&gt;\n\" data-medium-file=\"https:\/\/marcus.sk\/blog\/wp-content\/uploads\/2016\/02\/zavesny-system-na-obrazy-chodba-300x217.jpg\" data-large-file=\"https:\/\/marcus.sk\/blog\/wp-content\/uploads\/2016\/02\/zavesny-system-na-obrazy-chodba.jpg\" \/><\/a>\n\t\t\t<\/div>\n\t\t\t\t<figcaption class='wp-caption-text gallery-caption' id='gallery-1-9192'>\n\t\t\t\tPou\u017eitie u n\u00e1\u0161ho z\u00e1kazn\u00edka\n\t\t\t\t<\/figcaption><\/figure>\n\t\t<\/div>\n\n<p>Doporu\u010dujeme jej pou\u017e\u00edt v domech pro ozvl\u00e1\u0161tn\u011bn\u00ed interi\u00e9ru. Toto \u0159e\u0161en\u00ed nen\u00ed nov\u00e9 a b\u011b\u017en\u011b se pou\u017e\u00edv\u00e1 v galeri\u00edch. Malou galerii si proto m\u016f\u017eete vytvo\u0159it i u v\u00e1s doma, nap\u0159\u00edklad v p\u0159eds\u00edni, hale nebo ob\u00fdvac\u00edm pokoji. Kreativit\u011b se meze nekladou.   <\/p>\n<h2>Kde koupit zaj\u00edmav\u00e9 obrazy?<\/h2>\n<p>Doporu\u010dujeme v\u00e1m nav\u0161t\u00edvit  <a href=\"https:\/\/www.dovido.sk\/Obrazy\/\">n\u00e1\u0161 partner DOVIDO<\/a><\/p>\n<p>&nbsp;<\/p>\n<p>Budeme r\u00e1di, kdy\u017e se pod\u00edv\u00e1te na na\u0161e dal\u0161\u00ed \u0159e\u0161en\u00ed na t\u00e9to str\u00e1nce.<\/p>\n<p>&nbsp;<\/p>\n<p>&nbsp;<\/p>\n<p>&nbsp;<\/p>\n<p>&nbsp;<\/p>\n","protected":false},"excerpt":{"rendered":"<p>Z\u00e1v\u011bsn\u00fd syst\u00e9m Velmi dobr\u00fdm \u0159e\u0161en\u00edm pro upevn\u011bn\u00ed obraz\u016f tak, aby bylo mo\u017en\u00e9 um\u00edstit obrazy bez vrt\u00e1n\u00ed do st\u011bn, je z\u00e1v\u011bsn\u00fd syst\u00e9m na obrazy PROTEKTOR. Pomoc\u00ed pohybliv\u00fdch z\u00e1v\u011bs\u016f m\u016f\u017eete m\u011bnit polohu &hellip; <\/p>\n","protected":false},"author":1,"featured_media":7912,"comment_status":"open","ping_status":"open","sticky":false,"template":"","format":"standard","meta":{"_jetpack_memberships_contains_paid_content":false,"footnotes":""},"categories":[218],"tags":[444],"class_list":["post-15902","post","type-post","status-publish","format-standard","has-post-thumbnail","hentry","category-design-interieru","tag-system-zaveseni"],"yoast_head":"<!-- This site is optimized with the Yoast SEO plugin v27.3 - https:\/\/yoast.com\/product\/yoast-seo-wordpress\/ -->\n<title>Z\u00e1v\u011bsn\u00fd syst\u00e9m pro obrazy do s\u00e1drokartonov\u00fdch st\u011bn - Marcus blog<\/title>\n<meta name=\"description\" content=\"Z\u00e1v\u011bsn\u00fd syst\u00e9m pro obrazy s um\u00edst\u011bn\u00edm do st\u00ednov\u00e9 dr\u00e1\u017eky ve strop\u011b nebo s upevn\u011bn\u00edm kotevn\u00ed ty\u010de ve strop\u011b. Obrazy zav\u011bs\u00edte pomoc\u00ed silonov\u00e9ho z\u00e1v\u011bsu.\" \/>\n<meta name=\"robots\" content=\"index, follow, max-snippet:-1, max-image-preview:large, max-video-preview:-1\" \/>\n<link rel=\"canonical\" href=\"https:\/\/marcus.sk\/blog\/cs\/zavesny-system-pro-obrazy-do-sadrokartonovych-sten\/\" \/>\n<meta property=\"og:locale\" content=\"cs_CZ\" \/>\n<meta property=\"og:type\" content=\"article\" \/>\n<meta property=\"og:title\" content=\"Z\u00e1v\u011bsn\u00fd syst\u00e9m pro obrazy do s\u00e1drokartonov\u00fdch st\u011bn - Marcus blog\" \/>\n<meta property=\"og:description\" content=\"Z\u00e1v\u011bsn\u00fd syst\u00e9m pro obrazy s um\u00edst\u011bn\u00edm do st\u00ednov\u00e9 dr\u00e1\u017eky ve strop\u011b nebo s upevn\u011bn\u00edm kotevn\u00ed ty\u010de ve strop\u011b. Obrazy zav\u011bs\u00edte pomoc\u00ed silonov\u00e9ho z\u00e1v\u011bsu.\" \/>\n<meta property=\"og:url\" content=\"https:\/\/marcus.sk\/blog\/cs\/zavesny-system-pro-obrazy-do-sadrokartonovych-sten\/\" \/>\n<meta property=\"og:site_name\" content=\"Marcus blog\" \/>\n<meta property=\"article:author\" content=\"https:\/\/www.facebook.com\/staviame.dom.marcus.sk\/\" \/>\n<meta property=\"article:published_time\" content=\"2016-02-02T10:40:23+00:00\" \/>\n<meta property=\"og:image\" content=\"https:\/\/marcus.sk\/blog\/wp-content\/uploads\/2016\/02\/zavesny-system-na-obrazy-3.jpg\" \/>\n\t<meta property=\"og:image:width\" content=\"849\" \/>\n\t<meta property=\"og:image:height\" content=\"509\" \/>\n\t<meta property=\"og:image:type\" content=\"image\/jpeg\" \/>\n<meta name=\"author\" content=\"Marek Pjen\u010dak\" \/>\n<meta name=\"twitter:card\" content=\"summary_large_image\" \/>\n<meta name=\"twitter:label1\" content=\"Napsal(a)\" \/>\n\t<meta name=\"twitter:data1\" content=\"Marek Pjen\u010dak\" \/>\n\t<meta name=\"twitter:label2\" content=\"Odhadovan\u00e1 doba \u010dten\u00ed\" \/>\n\t<meta name=\"twitter:data2\" content=\"1 minuta\" \/>\n<script type=\"application\/ld+json\" class=\"yoast-schema-graph\">{\"@context\":\"https:\\\/\\\/schema.org\",\"@graph\":[{\"@type\":\"Article\",\"@id\":\"https:\\\/\\\/marcus.sk\\\/blog\\\/cs\\\/zavesny-system-pro-obrazy-do-sadrokartonovych-sten\\\/#article\",\"isPartOf\":{\"@id\":\"https:\\\/\\\/marcus.sk\\\/blog\\\/cs\\\/zavesny-system-pro-obrazy-do-sadrokartonovych-sten\\\/\"},\"author\":{\"name\":\"Marek Pjen\u010dak\",\"@id\":\"https:\\\/\\\/marcus.sk\\\/blog\\\/cs\\\/#\\\/schema\\\/person\\\/d3642aca8e2d47ac4f660a56cecd487f\"},\"headline\":\"Z\u00e1v\u011bsn\u00fd syst\u00e9m pro obrazy do s\u00e1drokartonov\u00fdch st\u011bn\",\"datePublished\":\"2016-02-02T10:40:23+00:00\",\"mainEntityOfPage\":{\"@id\":\"https:\\\/\\\/marcus.sk\\\/blog\\\/cs\\\/zavesny-system-pro-obrazy-do-sadrokartonovych-sten\\\/\"},\"wordCount\":198,\"commentCount\":0,\"publisher\":{\"@id\":\"https:\\\/\\\/marcus.sk\\\/blog\\\/cs\\\/#organization\"},\"image\":{\"@id\":\"https:\\\/\\\/marcus.sk\\\/blog\\\/cs\\\/zavesny-system-pro-obrazy-do-sadrokartonovych-sten\\\/#primaryimage\"},\"thumbnailUrl\":\"https:\\\/\\\/marcus.sk\\\/blog\\\/wp-content\\\/uploads\\\/2016\\\/02\\\/zavesny-system-na-obrazy-3.jpg\",\"keywords\":[\"syst\u00e9m zav\u011b\u0161en\u00ed\"],\"articleSection\":[\"Design interi\u00e9ru\"],\"inLanguage\":\"cs\",\"potentialAction\":[{\"@type\":\"CommentAction\",\"name\":\"Comment\",\"target\":[\"https:\\\/\\\/marcus.sk\\\/blog\\\/cs\\\/zavesny-system-pro-obrazy-do-sadrokartonovych-sten\\\/#respond\"]}]},{\"@type\":\"WebPage\",\"@id\":\"https:\\\/\\\/marcus.sk\\\/blog\\\/cs\\\/zavesny-system-pro-obrazy-do-sadrokartonovych-sten\\\/\",\"url\":\"https:\\\/\\\/marcus.sk\\\/blog\\\/cs\\\/zavesny-system-pro-obrazy-do-sadrokartonovych-sten\\\/\",\"name\":\"Z\u00e1v\u011bsn\u00fd syst\u00e9m pro obrazy do s\u00e1drokartonov\u00fdch st\u011bn - Marcus blog\",\"isPartOf\":{\"@id\":\"https:\\\/\\\/marcus.sk\\\/blog\\\/cs\\\/#website\"},\"primaryImageOfPage\":{\"@id\":\"https:\\\/\\\/marcus.sk\\\/blog\\\/cs\\\/zavesny-system-pro-obrazy-do-sadrokartonovych-sten\\\/#primaryimage\"},\"image\":{\"@id\":\"https:\\\/\\\/marcus.sk\\\/blog\\\/cs\\\/zavesny-system-pro-obrazy-do-sadrokartonovych-sten\\\/#primaryimage\"},\"thumbnailUrl\":\"https:\\\/\\\/marcus.sk\\\/blog\\\/wp-content\\\/uploads\\\/2016\\\/02\\\/zavesny-system-na-obrazy-3.jpg\",\"datePublished\":\"2016-02-02T10:40:23+00:00\",\"description\":\"Z\u00e1v\u011bsn\u00fd syst\u00e9m pro obrazy s um\u00edst\u011bn\u00edm do st\u00ednov\u00e9 dr\u00e1\u017eky ve strop\u011b nebo s upevn\u011bn\u00edm kotevn\u00ed ty\u010de ve strop\u011b. Obrazy zav\u011bs\u00edte pomoc\u00ed silonov\u00e9ho z\u00e1v\u011bsu.\",\"breadcrumb\":{\"@id\":\"https:\\\/\\\/marcus.sk\\\/blog\\\/cs\\\/zavesny-system-pro-obrazy-do-sadrokartonovych-sten\\\/#breadcrumb\"},\"inLanguage\":\"cs\",\"potentialAction\":[{\"@type\":\"ReadAction\",\"target\":[\"https:\\\/\\\/marcus.sk\\\/blog\\\/cs\\\/zavesny-system-pro-obrazy-do-sadrokartonovych-sten\\\/\"]}]},{\"@type\":\"ImageObject\",\"inLanguage\":\"cs\",\"@id\":\"https:\\\/\\\/marcus.sk\\\/blog\\\/cs\\\/zavesny-system-pro-obrazy-do-sadrokartonovych-sten\\\/#primaryimage\",\"url\":\"https:\\\/\\\/marcus.sk\\\/blog\\\/wp-content\\\/uploads\\\/2016\\\/02\\\/zavesny-system-na-obrazy-3.jpg\",\"contentUrl\":\"https:\\\/\\\/marcus.sk\\\/blog\\\/wp-content\\\/uploads\\\/2016\\\/02\\\/zavesny-system-na-obrazy-3.jpg\",\"width\":849,\"height\":509,\"caption\":\"Obrazy zaves\u00edte jednoducho\"},{\"@type\":\"BreadcrumbList\",\"@id\":\"https:\\\/\\\/marcus.sk\\\/blog\\\/cs\\\/zavesny-system-pro-obrazy-do-sadrokartonovych-sten\\\/#breadcrumb\",\"itemListElement\":[{\"@type\":\"ListItem\",\"position\":1,\"name\":\"Home\",\"item\":\"https:\\\/\\\/marcus.sk\\\/blog\\\/cs\\\/\"},{\"@type\":\"ListItem\",\"position\":2,\"name\":\"Z\u00e1v\u011bsn\u00fd syst\u00e9m pro obrazy do s\u00e1drokartonov\u00fdch st\u011bn\"}]},{\"@type\":\"WebSite\",\"@id\":\"https:\\\/\\\/marcus.sk\\\/blog\\\/cs\\\/#website\",\"url\":\"https:\\\/\\\/marcus.sk\\\/blog\\\/cs\\\/\",\"name\":\"Marcus blog\",\"description\":\"Stavebn\u00e9 profily, n\u00e1radie, izol\u00e1cie\",\"publisher\":{\"@id\":\"https:\\\/\\\/marcus.sk\\\/blog\\\/cs\\\/#organization\"},\"potentialAction\":[{\"@type\":\"SearchAction\",\"target\":{\"@type\":\"EntryPoint\",\"urlTemplate\":\"https:\\\/\\\/marcus.sk\\\/blog\\\/cs\\\/?s={search_term_string}\"},\"query-input\":{\"@type\":\"PropertyValueSpecification\",\"valueRequired\":true,\"valueName\":\"search_term_string\"}}],\"inLanguage\":\"cs\"},{\"@type\":\"Organization\",\"@id\":\"https:\\\/\\\/marcus.sk\\\/blog\\\/cs\\\/#organization\",\"name\":\"Marcus blog\",\"url\":\"https:\\\/\\\/marcus.sk\\\/blog\\\/cs\\\/\",\"logo\":{\"@type\":\"ImageObject\",\"inLanguage\":\"cs\",\"@id\":\"https:\\\/\\\/marcus.sk\\\/blog\\\/cs\\\/#\\\/schema\\\/logo\\\/image\\\/\",\"url\":\"https:\\\/\\\/marcus.sk\\\/blog\\\/wp-content\\\/uploads\\\/2019\\\/02\\\/marcussk-logo-1550231210.jpg\",\"contentUrl\":\"https:\\\/\\\/marcus.sk\\\/blog\\\/wp-content\\\/uploads\\\/2019\\\/02\\\/marcussk-logo-1550231210.jpg\",\"width\":508,\"height\":149,\"caption\":\"Marcus blog\"},\"image\":{\"@id\":\"https:\\\/\\\/marcus.sk\\\/blog\\\/cs\\\/#\\\/schema\\\/logo\\\/image\\\/\"}},{\"@type\":\"Person\",\"@id\":\"https:\\\/\\\/marcus.sk\\\/blog\\\/cs\\\/#\\\/schema\\\/person\\\/d3642aca8e2d47ac4f660a56cecd487f\",\"name\":\"Marek Pjen\u010dak\",\"image\":{\"@type\":\"ImageObject\",\"inLanguage\":\"cs\",\"@id\":\"https:\\\/\\\/secure.gravatar.com\\\/avatar\\\/db9f440173ba20b9cbb919e01d2b06a5fb315e86b43daa7849de27c190ebea42?s=96&d=mm&r=g\",\"url\":\"https:\\\/\\\/secure.gravatar.com\\\/avatar\\\/db9f440173ba20b9cbb919e01d2b06a5fb315e86b43daa7849de27c190ebea42?s=96&d=mm&r=g\",\"contentUrl\":\"https:\\\/\\\/secure.gravatar.com\\\/avatar\\\/db9f440173ba20b9cbb919e01d2b06a5fb315e86b43daa7849de27c190ebea42?s=96&d=mm&r=g\",\"caption\":\"Marek Pjen\u010dak\"},\"sameAs\":[\"http:\\\/\\\/www.marcus.sk\",\"https:\\\/\\\/www.facebook.com\\\/staviame.dom.marcus.sk\\\/\"],\"url\":\"https:\\\/\\\/marcus.sk\\\/blog\\\/cs\\\/author\\\/volf\\\/\"}]}<\/script>\n<!-- \/ Yoast SEO plugin. -->","yoast_head_json":{"title":"Z\u00e1v\u011bsn\u00fd syst\u00e9m pro obrazy do s\u00e1drokartonov\u00fdch st\u011bn - Marcus blog","description":"Z\u00e1v\u011bsn\u00fd syst\u00e9m pro obrazy s um\u00edst\u011bn\u00edm do st\u00ednov\u00e9 dr\u00e1\u017eky ve strop\u011b nebo s upevn\u011bn\u00edm kotevn\u00ed ty\u010de ve strop\u011b. Obrazy zav\u011bs\u00edte pomoc\u00ed silonov\u00e9ho z\u00e1v\u011bsu.","robots":{"index":"index","follow":"follow","max-snippet":"max-snippet:-1","max-image-preview":"max-image-preview:large","max-video-preview":"max-video-preview:-1"},"canonical":"https:\/\/marcus.sk\/blog\/cs\/zavesny-system-pro-obrazy-do-sadrokartonovych-sten\/","og_locale":"cs_CZ","og_type":"article","og_title":"Z\u00e1v\u011bsn\u00fd syst\u00e9m pro obrazy do s\u00e1drokartonov\u00fdch st\u011bn - Marcus blog","og_description":"Z\u00e1v\u011bsn\u00fd syst\u00e9m pro obrazy s um\u00edst\u011bn\u00edm do st\u00ednov\u00e9 dr\u00e1\u017eky ve strop\u011b nebo s upevn\u011bn\u00edm kotevn\u00ed ty\u010de ve strop\u011b. Obrazy zav\u011bs\u00edte pomoc\u00ed silonov\u00e9ho z\u00e1v\u011bsu.","og_url":"https:\/\/marcus.sk\/blog\/cs\/zavesny-system-pro-obrazy-do-sadrokartonovych-sten\/","og_site_name":"Marcus blog","article_author":"https:\/\/www.facebook.com\/staviame.dom.marcus.sk\/","article_published_time":"2016-02-02T10:40:23+00:00","og_image":[{"width":849,"height":509,"url":"https:\/\/marcus.sk\/blog\/wp-content\/uploads\/2016\/02\/zavesny-system-na-obrazy-3.jpg","type":"image\/jpeg"}],"author":"Marek Pjen\u010dak","twitter_card":"summary_large_image","twitter_misc":{"Napsal(a)":"Marek Pjen\u010dak","Odhadovan\u00e1 doba \u010dten\u00ed":"1 minuta"},"schema":{"@context":"https:\/\/schema.org","@graph":[{"@type":"Article","@id":"https:\/\/marcus.sk\/blog\/cs\/zavesny-system-pro-obrazy-do-sadrokartonovych-sten\/#article","isPartOf":{"@id":"https:\/\/marcus.sk\/blog\/cs\/zavesny-system-pro-obrazy-do-sadrokartonovych-sten\/"},"author":{"name":"Marek Pjen\u010dak","@id":"https:\/\/marcus.sk\/blog\/cs\/#\/schema\/person\/d3642aca8e2d47ac4f660a56cecd487f"},"headline":"Z\u00e1v\u011bsn\u00fd syst\u00e9m pro obrazy do s\u00e1drokartonov\u00fdch st\u011bn","datePublished":"2016-02-02T10:40:23+00:00","mainEntityOfPage":{"@id":"https:\/\/marcus.sk\/blog\/cs\/zavesny-system-pro-obrazy-do-sadrokartonovych-sten\/"},"wordCount":198,"commentCount":0,"publisher":{"@id":"https:\/\/marcus.sk\/blog\/cs\/#organization"},"image":{"@id":"https:\/\/marcus.sk\/blog\/cs\/zavesny-system-pro-obrazy-do-sadrokartonovych-sten\/#primaryimage"},"thumbnailUrl":"https:\/\/marcus.sk\/blog\/wp-content\/uploads\/2016\/02\/zavesny-system-na-obrazy-3.jpg","keywords":["syst\u00e9m zav\u011b\u0161en\u00ed"],"articleSection":["Design interi\u00e9ru"],"inLanguage":"cs","potentialAction":[{"@type":"CommentAction","name":"Comment","target":["https:\/\/marcus.sk\/blog\/cs\/zavesny-system-pro-obrazy-do-sadrokartonovych-sten\/#respond"]}]},{"@type":"WebPage","@id":"https:\/\/marcus.sk\/blog\/cs\/zavesny-system-pro-obrazy-do-sadrokartonovych-sten\/","url":"https:\/\/marcus.sk\/blog\/cs\/zavesny-system-pro-obrazy-do-sadrokartonovych-sten\/","name":"Z\u00e1v\u011bsn\u00fd syst\u00e9m pro obrazy do s\u00e1drokartonov\u00fdch st\u011bn - Marcus blog","isPartOf":{"@id":"https:\/\/marcus.sk\/blog\/cs\/#website"},"primaryImageOfPage":{"@id":"https:\/\/marcus.sk\/blog\/cs\/zavesny-system-pro-obrazy-do-sadrokartonovych-sten\/#primaryimage"},"image":{"@id":"https:\/\/marcus.sk\/blog\/cs\/zavesny-system-pro-obrazy-do-sadrokartonovych-sten\/#primaryimage"},"thumbnailUrl":"https:\/\/marcus.sk\/blog\/wp-content\/uploads\/2016\/02\/zavesny-system-na-obrazy-3.jpg","datePublished":"2016-02-02T10:40:23+00:00","description":"Z\u00e1v\u011bsn\u00fd syst\u00e9m pro obrazy s um\u00edst\u011bn\u00edm do st\u00ednov\u00e9 dr\u00e1\u017eky ve strop\u011b nebo s upevn\u011bn\u00edm kotevn\u00ed ty\u010de ve strop\u011b. Obrazy zav\u011bs\u00edte pomoc\u00ed silonov\u00e9ho z\u00e1v\u011bsu.","breadcrumb":{"@id":"https:\/\/marcus.sk\/blog\/cs\/zavesny-system-pro-obrazy-do-sadrokartonovych-sten\/#breadcrumb"},"inLanguage":"cs","potentialAction":[{"@type":"ReadAction","target":["https:\/\/marcus.sk\/blog\/cs\/zavesny-system-pro-obrazy-do-sadrokartonovych-sten\/"]}]},{"@type":"ImageObject","inLanguage":"cs","@id":"https:\/\/marcus.sk\/blog\/cs\/zavesny-system-pro-obrazy-do-sadrokartonovych-sten\/#primaryimage","url":"https:\/\/marcus.sk\/blog\/wp-content\/uploads\/2016\/02\/zavesny-system-na-obrazy-3.jpg","contentUrl":"https:\/\/marcus.sk\/blog\/wp-content\/uploads\/2016\/02\/zavesny-system-na-obrazy-3.jpg","width":849,"height":509,"caption":"Obrazy zaves\u00edte jednoducho"},{"@type":"BreadcrumbList","@id":"https:\/\/marcus.sk\/blog\/cs\/zavesny-system-pro-obrazy-do-sadrokartonovych-sten\/#breadcrumb","itemListElement":[{"@type":"ListItem","position":1,"name":"Home","item":"https:\/\/marcus.sk\/blog\/cs\/"},{"@type":"ListItem","position":2,"name":"Z\u00e1v\u011bsn\u00fd syst\u00e9m pro obrazy do s\u00e1drokartonov\u00fdch st\u011bn"}]},{"@type":"WebSite","@id":"https:\/\/marcus.sk\/blog\/cs\/#website","url":"https:\/\/marcus.sk\/blog\/cs\/","name":"Marcus blog","description":"Stavebn\u00e9 profily, n\u00e1radie, izol\u00e1cie","publisher":{"@id":"https:\/\/marcus.sk\/blog\/cs\/#organization"},"potentialAction":[{"@type":"SearchAction","target":{"@type":"EntryPoint","urlTemplate":"https:\/\/marcus.sk\/blog\/cs\/?s={search_term_string}"},"query-input":{"@type":"PropertyValueSpecification","valueRequired":true,"valueName":"search_term_string"}}],"inLanguage":"cs"},{"@type":"Organization","@id":"https:\/\/marcus.sk\/blog\/cs\/#organization","name":"Marcus blog","url":"https:\/\/marcus.sk\/blog\/cs\/","logo":{"@type":"ImageObject","inLanguage":"cs","@id":"https:\/\/marcus.sk\/blog\/cs\/#\/schema\/logo\/image\/","url":"https:\/\/marcus.sk\/blog\/wp-content\/uploads\/2019\/02\/marcussk-logo-1550231210.jpg","contentUrl":"https:\/\/marcus.sk\/blog\/wp-content\/uploads\/2019\/02\/marcussk-logo-1550231210.jpg","width":508,"height":149,"caption":"Marcus blog"},"image":{"@id":"https:\/\/marcus.sk\/blog\/cs\/#\/schema\/logo\/image\/"}},{"@type":"Person","@id":"https:\/\/marcus.sk\/blog\/cs\/#\/schema\/person\/d3642aca8e2d47ac4f660a56cecd487f","name":"Marek Pjen\u010dak","image":{"@type":"ImageObject","inLanguage":"cs","@id":"https:\/\/secure.gravatar.com\/avatar\/db9f440173ba20b9cbb919e01d2b06a5fb315e86b43daa7849de27c190ebea42?s=96&d=mm&r=g","url":"https:\/\/secure.gravatar.com\/avatar\/db9f440173ba20b9cbb919e01d2b06a5fb315e86b43daa7849de27c190ebea42?s=96&d=mm&r=g","contentUrl":"https:\/\/secure.gravatar.com\/avatar\/db9f440173ba20b9cbb919e01d2b06a5fb315e86b43daa7849de27c190ebea42?s=96&d=mm&r=g","caption":"Marek Pjen\u010dak"},"sameAs":["http:\/\/www.marcus.sk","https:\/\/www.facebook.com\/staviame.dom.marcus.sk\/"],"url":"https:\/\/marcus.sk\/blog\/cs\/author\/volf\/"}]}},"jetpack_featured_media_url":"https:\/\/marcus.sk\/blog\/wp-content\/uploads\/2016\/02\/zavesny-system-na-obrazy-3.jpg","jetpack_sharing_enabled":true,"_links":{"self":[{"href":"https:\/\/marcus.sk\/blog\/cs\/wp-json\/wp\/v2\/posts\/15902","targetHints":{"allow":["GET"]}}],"collection":[{"href":"https:\/\/marcus.sk\/blog\/cs\/wp-json\/wp\/v2\/posts"}],"about":[{"href":"https:\/\/marcus.sk\/blog\/cs\/wp-json\/wp\/v2\/types\/post"}],"author":[{"embeddable":true,"href":"https:\/\/marcus.sk\/blog\/cs\/wp-json\/wp\/v2\/users\/1"}],"replies":[{"embeddable":true,"href":"https:\/\/marcus.sk\/blog\/cs\/wp-json\/wp\/v2\/comments?post=15902"}],"version-history":[{"count":0,"href":"https:\/\/marcus.sk\/blog\/cs\/wp-json\/wp\/v2\/posts\/15902\/revisions"}],"wp:featuredmedia":[{"embeddable":true,"href":"https:\/\/marcus.sk\/blog\/cs\/wp-json\/wp\/v2\/media\/7912"}],"wp:attachment":[{"href":"https:\/\/marcus.sk\/blog\/cs\/wp-json\/wp\/v2\/media?parent=15902"}],"wp:term":[{"taxonomy":"category","embeddable":true,"href":"https:\/\/marcus.sk\/blog\/cs\/wp-json\/wp\/v2\/categories?post=15902"},{"taxonomy":"post_tag","embeddable":true,"href":"https:\/\/marcus.sk\/blog\/cs\/wp-json\/wp\/v2\/tags?post=15902"}],"curies":[{"name":"wp","href":"https:\/\/api.w.org\/{rel}","templated":true}]}}