{"id":17181,"date":"2026-04-17T10:14:20","date_gmt":"2026-04-17T09:14:20","guid":{"rendered":"https:\/\/marcus.sk\/blog\/?p=17181"},"modified":"2026-04-11T10:14:45","modified_gmt":"2026-04-11T09:14:45","slug":"prevetravana-fasada-na-objekte-v-dolnom-kubine","status":"publish","type":"post","link":"https:\/\/marcus.sk\/blog\/prevetravana-fasada-na-objekte-v-dolnom-kubine\/","title":{"rendered":"Prevetr\u00e1van\u00e1 fas\u00e1da na objekte v Dolnom Kub\u00edne"},"content":{"rendered":"<h1>Prevetr\u00e1van\u00e1 fas\u00e1da na objekte v Dolnom Kub\u00edne<\/h1>\n<p>Ve\u013emi sa pote\u0161\u00edm, ke\u010f mojom okol\u00ed vznikaj\u00fa zaujmav\u00e9 objekty. Jend\u00fdm z nich je B\u00fdvanie v uli\u010dke, ktor\u00e9 sa realizovalo v Dolnom Kub\u00edne v uli\u010dke Samuela Nov\u00e1ka. Kombin\u00e1ciou zauj\u00edmav\u00fdch detailov\u00a0 fas\u00e1dy, kde sa men\u00ed viacero materi\u00e1lov a tvarov, vznikol architektonicky hodnotn\u00fd objekt. V dne\u0161nej dobe bezobsa\u017en\u00e9ho vizu\u00e1lu je to o to cennej\u0161ie.<\/p>\n<p>&nbsp;<\/p>\n<div data-carousel-extra='{&quot;blog_id&quot;:1,&quot;permalink&quot;:&quot;https:\/\/marcus.sk\/blog\/prevetravana-fasada-na-objekte-v-dolnom-kubine\/&quot;}' id='gallery-1' class='gallery galleryid-17181 gallery-columns-1 gallery-size-large'><figure class='gallery-item'>\n\t\t\t<div class='gallery-icon landscape'>\n\t\t\t\t<a href='https:\/\/marcus.sk\/blog\/prevetravana-fasada-na-objekte-v-dolnom-kubine\/img20241125140935\/'><img loading=\"lazy\" decoding=\"async\" width=\"735\" height=\"332\" src=\"https:\/\/marcus.sk\/blog\/wp-content\/uploads\/2024\/11\/IMG20241125140935-1024x462.jpg\" class=\"attachment-large size-large\" alt=\"\" aria-describedby=\"gallery-1-17219\" srcset=\"https:\/\/marcus.sk\/blog\/wp-content\/uploads\/2024\/11\/IMG20241125140935-1024x462.jpg 1024w, https:\/\/marcus.sk\/blog\/wp-content\/uploads\/2024\/11\/IMG20241125140935-300x135.jpg 300w, https:\/\/marcus.sk\/blog\/wp-content\/uploads\/2024\/11\/IMG20241125140935-768x346.jpg 768w, https:\/\/marcus.sk\/blog\/wp-content\/uploads\/2024\/11\/IMG20241125140935-1536x693.jpg 1536w, https:\/\/marcus.sk\/blog\/wp-content\/uploads\/2024\/11\/IMG20241125140935-scaled.jpg 2048w\" sizes=\"auto, (max-width: 735px) 100vw, 735px\" data-attachment-id=\"17219\" data-permalink=\"https:\/\/marcus.sk\/blog\/prevetravana-fasada-na-objekte-v-dolnom-kubine\/img20241125140935\/\" data-orig-file=\"https:\/\/marcus.sk\/blog\/wp-content\/uploads\/2024\/11\/IMG20241125140935-scaled.jpg\" data-orig-size=\"2048,924\" data-comments-opened=\"1\" data-image-meta=\"{&quot;aperture&quot;:&quot;2.2&quot;,&quot;credit&quot;:&quot;&quot;,&quot;camera&quot;:&quot;OPPO Reno5 Z&quot;,&quot;caption&quot;:&quot;&quot;,&quot;created_timestamp&quot;:&quot;1732543775&quot;,&quot;copyright&quot;:&quot;&quot;,&quot;focal_length&quot;:&quot;1.66&quot;,&quot;iso&quot;:&quot;104&quot;,&quot;shutter_speed&quot;:&quot;0.002717&quot;,&quot;title&quot;:&quot;&quot;,&quot;orientation&quot;:&quot;1&quot;}\" data-image-title=\"IMG20241125140935\" data-image-description=\"\" data-image-caption=\"&lt;p&gt;Before&lt;\/p&gt;\n\" data-medium-file=\"https:\/\/marcus.sk\/blog\/wp-content\/uploads\/2024\/11\/IMG20241125140935-300x135.jpg\" data-large-file=\"https:\/\/marcus.sk\/blog\/wp-content\/uploads\/2024\/11\/IMG20241125140935-1024x462.jpg\" \/><\/a>\n\t\t\t<\/div>\n\t\t\t\t<figcaption class='wp-caption-text gallery-caption' id='gallery-1-17219'>\n\t\t\t\tBefore\n\t\t\t\t<\/figcaption><\/figure><figure class='gallery-item'>\n\t\t\t<div class='gallery-icon landscape'>\n\t\t\t\t<a href='https:\/\/marcus.sk\/blog\/prevetravana-fasada-na-objekte-v-dolnom-kubine\/img20250708074411\/'><img loading=\"lazy\" decoding=\"async\" width=\"735\" height=\"332\" src=\"https:\/\/marcus.sk\/blog\/wp-content\/uploads\/2024\/11\/IMG20250708074411-1024x462.jpg\" class=\"attachment-large size-large\" alt=\"\" aria-describedby=\"gallery-1-19343\" srcset=\"https:\/\/marcus.sk\/blog\/wp-content\/uploads\/2024\/11\/IMG20250708074411-1024x462.jpg 1024w, https:\/\/marcus.sk\/blog\/wp-content\/uploads\/2024\/11\/IMG20250708074411-300x135.jpg 300w, https:\/\/marcus.sk\/blog\/wp-content\/uploads\/2024\/11\/IMG20250708074411-768x346.jpg 768w, https:\/\/marcus.sk\/blog\/wp-content\/uploads\/2024\/11\/IMG20250708074411-1536x693.jpg 1536w, https:\/\/marcus.sk\/blog\/wp-content\/uploads\/2024\/11\/IMG20250708074411-scaled.jpg 2048w\" sizes=\"auto, (max-width: 735px) 100vw, 735px\" data-attachment-id=\"19343\" data-permalink=\"https:\/\/marcus.sk\/blog\/prevetravana-fasada-na-objekte-v-dolnom-kubine\/img20250708074411\/\" data-orig-file=\"https:\/\/marcus.sk\/blog\/wp-content\/uploads\/2024\/11\/IMG20250708074411-scaled.jpg\" data-orig-size=\"2048,924\" data-comments-opened=\"1\" data-image-meta=\"{&quot;aperture&quot;:&quot;2.2&quot;,&quot;credit&quot;:&quot;&quot;,&quot;camera&quot;:&quot;OPPO Reno5 Z&quot;,&quot;caption&quot;:&quot;&quot;,&quot;created_timestamp&quot;:&quot;1751960651&quot;,&quot;copyright&quot;:&quot;&quot;,&quot;focal_length&quot;:&quot;1.66&quot;,&quot;iso&quot;:&quot;103&quot;,&quot;shutter_speed&quot;:&quot;0.006032&quot;,&quot;title&quot;:&quot;&quot;,&quot;orientation&quot;:&quot;1&quot;}\" data-image-title=\"IMG20250708074411\" data-image-description=\"\" data-image-caption=\"&lt;p&gt;After&lt;\/p&gt;\n\" data-medium-file=\"https:\/\/marcus.sk\/blog\/wp-content\/uploads\/2024\/11\/IMG20250708074411-300x135.jpg\" data-large-file=\"https:\/\/marcus.sk\/blog\/wp-content\/uploads\/2024\/11\/IMG20250708074411-1024x462.jpg\" \/><\/a>\n\t\t\t<\/div>\n\t\t\t\t<figcaption class='wp-caption-text gallery-caption' id='gallery-1-19343'>\n\t\t\t\tAfter\n\t\t\t\t<\/figcaption><\/figure>\n\t\t<\/div>\n\n<p>V \u010fal\u0161\u00edch riadkoch si pozrieme jednotliv\u00e9 detaily poh\u013eadu d\u00f4razu na realiz\u00e1ciu <a href=\"https:\/\/www.marcus.sk\/sk\/55-profily-na-prevetravane-fasady\">prevetr\u00e1vanej<\/a> fas\u00e1dy. Jedna vec je pekn\u00fd n\u00e1vrh na papier, no a tou \u010fal\u0161ou je samotn\u00e1 realiz\u00e1cia s oh\u013eadom na \u017eivotnos\u0165 a funk\u010dnos\u0165 jednotliv\u00fdch detailov.<\/p>\n<p>M\u0148a najviac zaujali tieto detaily<\/p>\n<ul>\n<li><strong>Ostenia okien a dver\u00ed<\/strong><\/li>\n<li><strong>Napojenie na odkvapov\u00fdch chodn\u00edk<\/strong><\/li>\n<li><strong>Terase objektu<\/strong><\/li>\n<li><strong>Napojenie membr\u00e1ny na L profil<\/strong><\/li>\n<\/ul>\n<h2>Ostenia okien a dver\u00ed<\/h2>\n<div data-carousel-extra='{&quot;blog_id&quot;:1,&quot;permalink&quot;:&quot;https:\/\/marcus.sk\/blog\/prevetravana-fasada-na-objekte-v-dolnom-kubine\/&quot;}' id='gallery-2' class='gallery galleryid-17181 gallery-columns-1 gallery-size-large'><figure class='gallery-item'>\n\t\t\t<div class='gallery-icon landscape'>\n\t\t\t\t<a href='https:\/\/marcus.sk\/blog\/prevetravana-fasada-na-objekte-v-dolnom-kubine\/img20250708074124\/'><img loading=\"lazy\" decoding=\"async\" width=\"735\" height=\"331\" src=\"https:\/\/marcus.sk\/blog\/wp-content\/uploads\/2024\/11\/IMG20250708074124-1024x461.jpg\" class=\"attachment-large size-large\" alt=\"\" aria-describedby=\"gallery-2-19359\" srcset=\"https:\/\/marcus.sk\/blog\/wp-content\/uploads\/2024\/11\/IMG20250708074124-1024x461.jpg 1024w, https:\/\/marcus.sk\/blog\/wp-content\/uploads\/2024\/11\/IMG20250708074124-300x135.jpg 300w, https:\/\/marcus.sk\/blog\/wp-content\/uploads\/2024\/11\/IMG20250708074124-768x346.jpg 768w, https:\/\/marcus.sk\/blog\/wp-content\/uploads\/2024\/11\/IMG20250708074124-1536x691.jpg 1536w, https:\/\/marcus.sk\/blog\/wp-content\/uploads\/2024\/11\/IMG20250708074124-scaled.jpg 2048w\" sizes=\"auto, (max-width: 735px) 100vw, 735px\" data-attachment-id=\"19359\" data-permalink=\"https:\/\/marcus.sk\/blog\/prevetravana-fasada-na-objekte-v-dolnom-kubine\/img20250708074124\/\" data-orig-file=\"https:\/\/marcus.sk\/blog\/wp-content\/uploads\/2024\/11\/IMG20250708074124-scaled.jpg\" data-orig-size=\"2048,922\" data-comments-opened=\"1\" data-image-meta=\"{&quot;aperture&quot;:&quot;1.7&quot;,&quot;credit&quot;:&quot;&quot;,&quot;camera&quot;:&quot;OPPO Reno5 Z&quot;,&quot;caption&quot;:&quot;&quot;,&quot;created_timestamp&quot;:&quot;1751960484&quot;,&quot;copyright&quot;:&quot;&quot;,&quot;focal_length&quot;:&quot;4.71&quot;,&quot;iso&quot;:&quot;102&quot;,&quot;shutter_speed&quot;:&quot;0.00249&quot;,&quot;title&quot;:&quot;&quot;,&quot;orientation&quot;:&quot;1&quot;}\" data-image-title=\"IMG20250708074124\" data-image-description=\"&lt;p&gt;Raster fas\u00e1dnych dosiek HPL bez pou\u017eitia rohov\u00fdch profilov&lt;\/p&gt;\n\" data-image-caption=\"&lt;p&gt;Raster fas\u00e1dnych dosiek HPL&lt;\/p&gt;\n\" data-medium-file=\"https:\/\/marcus.sk\/blog\/wp-content\/uploads\/2024\/11\/IMG20250708074124-300x135.jpg\" data-large-file=\"https:\/\/marcus.sk\/blog\/wp-content\/uploads\/2024\/11\/IMG20250708074124-1024x461.jpg\" \/><\/a>\n\t\t\t<\/div>\n\t\t\t\t<figcaption class='wp-caption-text gallery-caption' id='gallery-2-19359'>\n\t\t\t\tRaster fas\u00e1dnych dosiek HPL\n\t\t\t\t<\/figcaption><\/figure><figure class='gallery-item'>\n\t\t\t<div class='gallery-icon portrait'>\n\t\t\t\t<a href='https:\/\/marcus.sk\/blog\/prevetravana-fasada-na-objekte-v-dolnom-kubine\/img20250708074229\/'><img loading=\"lazy\" decoding=\"async\" width=\"735\" height=\"980\" src=\"https:\/\/marcus.sk\/blog\/wp-content\/uploads\/2024\/11\/IMG20250708074229-768x1024.jpg\" class=\"attachment-large size-large\" alt=\"\" aria-describedby=\"gallery-2-19355\" srcset=\"https:\/\/marcus.sk\/blog\/wp-content\/uploads\/2024\/11\/IMG20250708074229-768x1024.jpg 768w, https:\/\/marcus.sk\/blog\/wp-content\/uploads\/2024\/11\/IMG20250708074229-225x300.jpg 225w, https:\/\/marcus.sk\/blog\/wp-content\/uploads\/2024\/11\/IMG20250708074229-1152x1536.jpg 1152w, https:\/\/marcus.sk\/blog\/wp-content\/uploads\/2024\/11\/IMG20250708074229-scaled.jpg 1536w\" sizes=\"auto, (max-width: 735px) 100vw, 735px\" data-attachment-id=\"19355\" data-permalink=\"https:\/\/marcus.sk\/blog\/prevetravana-fasada-na-objekte-v-dolnom-kubine\/img20250708074229\/\" data-orig-file=\"https:\/\/marcus.sk\/blog\/wp-content\/uploads\/2024\/11\/IMG20250708074229-scaled.jpg\" data-orig-size=\"1536,2048\" data-comments-opened=\"1\" data-image-meta=\"{&quot;aperture&quot;:&quot;1.7&quot;,&quot;credit&quot;:&quot;&quot;,&quot;camera&quot;:&quot;OPPO Reno5 Z&quot;,&quot;caption&quot;:&quot;&quot;,&quot;created_timestamp&quot;:&quot;1751960549&quot;,&quot;copyright&quot;:&quot;&quot;,&quot;focal_length&quot;:&quot;4.71&quot;,&quot;iso&quot;:&quot;101&quot;,&quot;shutter_speed&quot;:&quot;0.002334&quot;,&quot;title&quot;:&quot;&quot;,&quot;orientation&quot;:&quot;1&quot;}\" data-image-title=\"IMG20250708074229\" data-image-description=\"&lt;p&gt;Vonkaj\u0161ia hrana objektu bez pou\u017eitia rohov\u00fdch profilov&lt;\/p&gt;\n\" data-image-caption=\"&lt;p&gt;Vonkaj\u0161ia hrana objektu&lt;\/p&gt;\n\" data-medium-file=\"https:\/\/marcus.sk\/blog\/wp-content\/uploads\/2024\/11\/IMG20250708074229-225x300.jpg\" data-large-file=\"https:\/\/marcus.sk\/blog\/wp-content\/uploads\/2024\/11\/IMG20250708074229-768x1024.jpg\" \/><\/a>\n\t\t\t<\/div>\n\t\t\t\t<figcaption class='wp-caption-text gallery-caption' id='gallery-2-19355'>\n\t\t\t\tVonkaj\u0161ia hrana objektu\n\t\t\t\t<\/figcaption><\/figure>\n\t\t<\/div>\n\n<h2>Napojenie na odkvapov\u00fdch chodn\u00edk<\/h2>\n<p>Napojenie na chodn\u00edk d\u00f4le\u017eit\u00fd detail, najm\u00e4 z poh\u013eadu \u017eivotnosti fas\u00e1dy.\u00a0 Je tu ve\u013ek\u00e1 frekvencia \u013eud\u00ed a aj vlhkos\u0165 od cesty. Cel\u00e9 <a href=\"https:\/\/www.marcus.sk\/sk\/55-profily-na-prevetravane-fasady\">prevetr\u00e1vanie<\/a> fas\u00e1dy za\u010d\u00edna pr\u00e1ve v t\u00fdchto miestach.<\/p>\n<div data-carousel-extra='{&quot;blog_id&quot;:1,&quot;permalink&quot;:&quot;https:\/\/marcus.sk\/blog\/prevetravana-fasada-na-objekte-v-dolnom-kubine\/&quot;}' id='gallery-3' class='gallery galleryid-17181 gallery-columns-1 gallery-size-large'><figure class='gallery-item'>\n\t\t\t<div class='gallery-icon landscape'>\n\t\t\t\t<a href='https:\/\/marcus.sk\/blog\/prevetravana-fasada-na-objekte-v-dolnom-kubine\/img20250708074009\/'><img loading=\"lazy\" decoding=\"async\" width=\"735\" height=\"551\" src=\"https:\/\/marcus.sk\/blog\/wp-content\/uploads\/2024\/11\/IMG20250708074009-1024x768.jpg\" class=\"attachment-large size-large\" alt=\"\" aria-describedby=\"gallery-3-19367\" srcset=\"https:\/\/marcus.sk\/blog\/wp-content\/uploads\/2024\/11\/IMG20250708074009-1024x768.jpg 1024w, https:\/\/marcus.sk\/blog\/wp-content\/uploads\/2024\/11\/IMG20250708074009-300x225.jpg 300w, https:\/\/marcus.sk\/blog\/wp-content\/uploads\/2024\/11\/IMG20250708074009-768x576.jpg 768w, https:\/\/marcus.sk\/blog\/wp-content\/uploads\/2024\/11\/IMG20250708074009-1536x1152.jpg 1536w, https:\/\/marcus.sk\/blog\/wp-content\/uploads\/2024\/11\/IMG20250708074009-scaled.jpg 2048w\" sizes=\"auto, (max-width: 735px) 100vw, 735px\" data-attachment-id=\"19367\" data-permalink=\"https:\/\/marcus.sk\/blog\/prevetravana-fasada-na-objekte-v-dolnom-kubine\/img20250708074009\/\" data-orig-file=\"https:\/\/marcus.sk\/blog\/wp-content\/uploads\/2024\/11\/IMG20250708074009-scaled.jpg\" data-orig-size=\"2048,1536\" data-comments-opened=\"1\" data-image-meta=\"{&quot;aperture&quot;:&quot;1.7&quot;,&quot;credit&quot;:&quot;&quot;,&quot;camera&quot;:&quot;OPPO Reno5 Z&quot;,&quot;caption&quot;:&quot;&quot;,&quot;created_timestamp&quot;:&quot;1751960409&quot;,&quot;copyright&quot;:&quot;&quot;,&quot;focal_length&quot;:&quot;4.71&quot;,&quot;iso&quot;:&quot;220&quot;,&quot;shutter_speed&quot;:&quot;0.010002&quot;,&quot;title&quot;:&quot;&quot;,&quot;orientation&quot;:&quot;1&quot;}\" data-image-title=\"IMG20250708074009\" data-image-description=\"\" data-image-caption=\"&lt;p&gt;Detail pri sokli&lt;\/p&gt;\n\" data-medium-file=\"https:\/\/marcus.sk\/blog\/wp-content\/uploads\/2024\/11\/IMG20250708074009-300x225.jpg\" data-large-file=\"https:\/\/marcus.sk\/blog\/wp-content\/uploads\/2024\/11\/IMG20250708074009-1024x768.jpg\" \/><\/a>\n\t\t\t<\/div>\n\t\t\t\t<figcaption class='wp-caption-text gallery-caption' id='gallery-3-19367'>\n\t\t\t\tDetail pri sokli\n\t\t\t\t<\/figcaption><\/figure><figure class='gallery-item'>\n\t\t\t<div class='gallery-icon landscape'>\n\t\t\t\t<a href='https:\/\/marcus.sk\/blog\/prevetravana-fasada-na-objekte-v-dolnom-kubine\/img20250708073939\/'><img loading=\"lazy\" decoding=\"async\" width=\"735\" height=\"551\" src=\"https:\/\/marcus.sk\/blog\/wp-content\/uploads\/2024\/11\/IMG20250708073939-1024x768.jpg\" class=\"attachment-large size-large\" alt=\"\" aria-describedby=\"gallery-3-19371\" srcset=\"https:\/\/marcus.sk\/blog\/wp-content\/uploads\/2024\/11\/IMG20250708073939-1024x768.jpg 1024w, https:\/\/marcus.sk\/blog\/wp-content\/uploads\/2024\/11\/IMG20250708073939-300x225.jpg 300w, https:\/\/marcus.sk\/blog\/wp-content\/uploads\/2024\/11\/IMG20250708073939-768x576.jpg 768w, https:\/\/marcus.sk\/blog\/wp-content\/uploads\/2024\/11\/IMG20250708073939-1536x1152.jpg 1536w, https:\/\/marcus.sk\/blog\/wp-content\/uploads\/2024\/11\/IMG20250708073939-scaled.jpg 2048w\" sizes=\"auto, (max-width: 735px) 100vw, 735px\" data-attachment-id=\"19371\" data-permalink=\"https:\/\/marcus.sk\/blog\/prevetravana-fasada-na-objekte-v-dolnom-kubine\/img20250708073939\/\" data-orig-file=\"https:\/\/marcus.sk\/blog\/wp-content\/uploads\/2024\/11\/IMG20250708073939-scaled.jpg\" data-orig-size=\"2048,1536\" data-comments-opened=\"1\" data-image-meta=\"{&quot;aperture&quot;:&quot;1.7&quot;,&quot;credit&quot;:&quot;&quot;,&quot;camera&quot;:&quot;OPPO Reno5 Z&quot;,&quot;caption&quot;:&quot;&quot;,&quot;created_timestamp&quot;:&quot;1751960379&quot;,&quot;copyright&quot;:&quot;&quot;,&quot;focal_length&quot;:&quot;4.71&quot;,&quot;iso&quot;:&quot;229&quot;,&quot;shutter_speed&quot;:&quot;0.010002&quot;,&quot;title&quot;:&quot;&quot;,&quot;orientation&quot;:&quot;1&quot;}\" data-image-title=\"IMG20250708073939\" data-image-description=\"\" data-image-caption=\"&lt;p&gt;Sokel&lt;\/p&gt;\n\" data-medium-file=\"https:\/\/marcus.sk\/blog\/wp-content\/uploads\/2024\/11\/IMG20250708073939-300x225.jpg\" data-large-file=\"https:\/\/marcus.sk\/blog\/wp-content\/uploads\/2024\/11\/IMG20250708073939-1024x768.jpg\" \/><\/a>\n\t\t\t<\/div>\n\t\t\t\t<figcaption class='wp-caption-text gallery-caption' id='gallery-3-19371'>\n\t\t\t\tSokel\n\t\t\t\t<\/figcaption><\/figure><figure class='gallery-item'>\n\t\t\t<div class='gallery-icon landscape'>\n\t\t\t\t<a href='https:\/\/marcus.sk\/blog\/prevetravana-fasada-na-objekte-v-dolnom-kubine\/img20250708073934\/'><img loading=\"lazy\" decoding=\"async\" width=\"735\" height=\"551\" src=\"https:\/\/marcus.sk\/blog\/wp-content\/uploads\/2024\/11\/IMG20250708073934-1024x768.jpg\" class=\"attachment-large size-large\" alt=\"\" aria-describedby=\"gallery-3-19375\" srcset=\"https:\/\/marcus.sk\/blog\/wp-content\/uploads\/2024\/11\/IMG20250708073934-1024x768.jpg 1024w, https:\/\/marcus.sk\/blog\/wp-content\/uploads\/2024\/11\/IMG20250708073934-300x225.jpg 300w, https:\/\/marcus.sk\/blog\/wp-content\/uploads\/2024\/11\/IMG20250708073934-768x576.jpg 768w, https:\/\/marcus.sk\/blog\/wp-content\/uploads\/2024\/11\/IMG20250708073934-1536x1152.jpg 1536w, https:\/\/marcus.sk\/blog\/wp-content\/uploads\/2024\/11\/IMG20250708073934-scaled.jpg 2048w\" sizes=\"auto, (max-width: 735px) 100vw, 735px\" data-attachment-id=\"19375\" data-permalink=\"https:\/\/marcus.sk\/blog\/prevetravana-fasada-na-objekte-v-dolnom-kubine\/img20250708073934\/\" data-orig-file=\"https:\/\/marcus.sk\/blog\/wp-content\/uploads\/2024\/11\/IMG20250708073934-scaled.jpg\" data-orig-size=\"2048,1536\" data-comments-opened=\"1\" data-image-meta=\"{&quot;aperture&quot;:&quot;1.7&quot;,&quot;credit&quot;:&quot;&quot;,&quot;camera&quot;:&quot;OPPO Reno5 Z&quot;,&quot;caption&quot;:&quot;&quot;,&quot;created_timestamp&quot;:&quot;1751960374&quot;,&quot;copyright&quot;:&quot;&quot;,&quot;focal_length&quot;:&quot;4.71&quot;,&quot;iso&quot;:&quot;251&quot;,&quot;shutter_speed&quot;:&quot;0.010002&quot;,&quot;title&quot;:&quot;&quot;,&quot;orientation&quot;:&quot;1&quot;}\" data-image-title=\"IMG20250708073934\" data-image-description=\"\" data-image-caption=\"&lt;p&gt;Sokel&lt;\/p&gt;\n\" data-medium-file=\"https:\/\/marcus.sk\/blog\/wp-content\/uploads\/2024\/11\/IMG20250708073934-300x225.jpg\" data-large-file=\"https:\/\/marcus.sk\/blog\/wp-content\/uploads\/2024\/11\/IMG20250708073934-1024x768.jpg\" \/><\/a>\n\t\t\t<\/div>\n\t\t\t\t<figcaption class='wp-caption-text gallery-caption' id='gallery-3-19375'>\n\t\t\t\tSokel\n\t\t\t\t<\/figcaption><\/figure>\n\t\t<\/div>\n\n<h2>Napojenie membr\u00e1ny na L profil<\/h2>\n<div data-carousel-extra='{&quot;blog_id&quot;:1,&quot;permalink&quot;:&quot;https:\/\/marcus.sk\/blog\/prevetravana-fasada-na-objekte-v-dolnom-kubine\/&quot;}' id='gallery-4' class='gallery galleryid-17181 gallery-columns-1 gallery-size-large'><figure class='gallery-item'>\n\t\t\t<div class='gallery-icon landscape'>\n\t\t\t\t<a href='https:\/\/marcus.sk\/blog\/prevetravana-fasada-na-objekte-v-dolnom-kubine\/img20241119081252\/'><img loading=\"lazy\" decoding=\"async\" width=\"735\" height=\"735\" src=\"https:\/\/marcus.sk\/blog\/wp-content\/uploads\/2024\/11\/IMG20241119081252-1024x1024.jpg\" class=\"attachment-large size-large\" alt=\"\" aria-describedby=\"gallery-4-17210\" srcset=\"https:\/\/marcus.sk\/blog\/wp-content\/uploads\/2024\/11\/IMG20241119081252-1024x1024.jpg 1024w, https:\/\/marcus.sk\/blog\/wp-content\/uploads\/2024\/11\/IMG20241119081252-300x300.jpg 300w, https:\/\/marcus.sk\/blog\/wp-content\/uploads\/2024\/11\/IMG20241119081252-150x150.jpg 150w, https:\/\/marcus.sk\/blog\/wp-content\/uploads\/2024\/11\/IMG20241119081252-768x768.jpg 768w, https:\/\/marcus.sk\/blog\/wp-content\/uploads\/2024\/11\/IMG20241119081252-1536x1536.jpg 1536w, https:\/\/marcus.sk\/blog\/wp-content\/uploads\/2024\/11\/IMG20241119081252-scaled.jpg 2048w\" sizes=\"auto, (max-width: 735px) 100vw, 735px\" data-attachment-id=\"17210\" data-permalink=\"https:\/\/marcus.sk\/blog\/prevetravana-fasada-na-objekte-v-dolnom-kubine\/img20241119081252\/\" data-orig-file=\"https:\/\/marcus.sk\/blog\/wp-content\/uploads\/2024\/11\/IMG20241119081252-scaled.jpg\" data-orig-size=\"2048,2048\" data-comments-opened=\"1\" data-image-meta=\"{&quot;aperture&quot;:&quot;1.7&quot;,&quot;credit&quot;:&quot;&quot;,&quot;camera&quot;:&quot;OPPO Reno5 Z&quot;,&quot;caption&quot;:&quot;&quot;,&quot;created_timestamp&quot;:&quot;1732003972&quot;,&quot;copyright&quot;:&quot;&quot;,&quot;focal_length&quot;:&quot;4.71&quot;,&quot;iso&quot;:&quot;343&quot;,&quot;shutter_speed&quot;:&quot;0.020003&quot;,&quot;title&quot;:&quot;&quot;,&quot;orientation&quot;:&quot;1&quot;}\" data-image-title=\"IMG20241119081252\" data-image-description=\"&lt;p&gt;Napojenie membr\u00e1ny na soklov\u00fd profil &lt;\/p&gt;\n\" data-image-caption=\"&lt;p&gt;Napojenie membr\u00e1ny&lt;\/p&gt;\n\" data-medium-file=\"https:\/\/marcus.sk\/blog\/wp-content\/uploads\/2024\/11\/IMG20241119081252-300x300.jpg\" data-large-file=\"https:\/\/marcus.sk\/blog\/wp-content\/uploads\/2024\/11\/IMG20241119081252-1024x1024.jpg\" \/><\/a>\n\t\t\t<\/div>\n\t\t\t\t<figcaption class='wp-caption-text gallery-caption' id='gallery-4-17210'>\n\t\t\t\tNapojenie membr\u00e1ny\n\t\t\t\t<\/figcaption><\/figure><figure class='gallery-item'>\n\t\t\t<div class='gallery-icon landscape'>\n\t\t\t\t<a href='https:\/\/marcus.sk\/blog\/prevetravana-fasada-na-objekte-v-dolnom-kubine\/img20241119081256\/'><img loading=\"lazy\" decoding=\"async\" width=\"735\" height=\"735\" src=\"https:\/\/marcus.sk\/blog\/wp-content\/uploads\/2024\/11\/IMG20241119081256-1024x1024.jpg\" class=\"attachment-large size-large\" alt=\"\" aria-describedby=\"gallery-4-17206\" srcset=\"https:\/\/marcus.sk\/blog\/wp-content\/uploads\/2024\/11\/IMG20241119081256-1024x1024.jpg 1024w, https:\/\/marcus.sk\/blog\/wp-content\/uploads\/2024\/11\/IMG20241119081256-300x300.jpg 300w, https:\/\/marcus.sk\/blog\/wp-content\/uploads\/2024\/11\/IMG20241119081256-150x150.jpg 150w, https:\/\/marcus.sk\/blog\/wp-content\/uploads\/2024\/11\/IMG20241119081256-768x768.jpg 768w, https:\/\/marcus.sk\/blog\/wp-content\/uploads\/2024\/11\/IMG20241119081256-1536x1536.jpg 1536w, https:\/\/marcus.sk\/blog\/wp-content\/uploads\/2024\/11\/IMG20241119081256-scaled.jpg 2048w\" sizes=\"auto, (max-width: 735px) 100vw, 735px\" data-attachment-id=\"17206\" data-permalink=\"https:\/\/marcus.sk\/blog\/prevetravana-fasada-na-objekte-v-dolnom-kubine\/img20241119081256\/\" data-orig-file=\"https:\/\/marcus.sk\/blog\/wp-content\/uploads\/2024\/11\/IMG20241119081256-scaled.jpg\" data-orig-size=\"2048,2048\" data-comments-opened=\"1\" data-image-meta=\"{&quot;aperture&quot;:&quot;1.7&quot;,&quot;credit&quot;:&quot;&quot;,&quot;camera&quot;:&quot;OPPO Reno5 Z&quot;,&quot;caption&quot;:&quot;&quot;,&quot;created_timestamp&quot;:&quot;1732003976&quot;,&quot;copyright&quot;:&quot;&quot;,&quot;focal_length&quot;:&quot;4.71&quot;,&quot;iso&quot;:&quot;746&quot;,&quot;shutter_speed&quot;:&quot;0.020003&quot;,&quot;title&quot;:&quot;&quot;,&quot;orientation&quot;:&quot;1&quot;}\" data-image-title=\"IMG20241119081256\" data-image-description=\"&lt;p&gt;Sokel pre uzavret\u00edm tepelnej izol\u00e1cie membr\u00e1nou dorken&lt;\/p&gt;\n\" data-image-caption=\"&lt;p&gt;Sokel pre uzavret\u00edm&lt;\/p&gt;\n\" data-medium-file=\"https:\/\/marcus.sk\/blog\/wp-content\/uploads\/2024\/11\/IMG20241119081256-300x300.jpg\" data-large-file=\"https:\/\/marcus.sk\/blog\/wp-content\/uploads\/2024\/11\/IMG20241119081256-1024x1024.jpg\" \/><\/a>\n\t\t\t<\/div>\n\t\t\t\t<figcaption class='wp-caption-text gallery-caption' id='gallery-4-17206'>\n\t\t\t\tSokel pre uzavret\u00edm\n\t\t\t\t<\/figcaption><\/figure>\n\t\t<\/div>\n\n<h2>Terasa objektu<\/h2>\n<p>Ve\u013ek\u00fd d\u00f4raz sa kl\u00e1dol sa spr\u00e1vne umiestnenie tepelnej izol\u00e1cie. D\u00f4vodom je aj to, \u017ee objekt je zatep\u013en\u00fd miner\u00e1lnou vatou a v t\u00fdchto pr\u00edpadoch je to ve\u013emi potrebn\u00e9 vyrie\u0161i\u0165 spr\u00e1vne.<\/p>\n<div data-carousel-extra='{&quot;blog_id&quot;:1,&quot;permalink&quot;:&quot;https:\/\/marcus.sk\/blog\/prevetravana-fasada-na-objekte-v-dolnom-kubine\/&quot;}' id='gallery-5' class='gallery galleryid-17181 gallery-columns-1 gallery-size-large'><figure class='gallery-item'>\n\t\t\t<div class='gallery-icon landscape'>\n\t\t\t\t<a href='https:\/\/marcus.sk\/blog\/prevetravana-fasada-na-objekte-v-dolnom-kubine\/img20241119084157\/'><img loading=\"lazy\" decoding=\"async\" width=\"735\" height=\"735\" src=\"https:\/\/marcus.sk\/blog\/wp-content\/uploads\/2024\/11\/IMG20241119084157-1024x1024.jpg\" class=\"attachment-large size-large\" alt=\"\" aria-describedby=\"gallery-5-17198\" srcset=\"https:\/\/marcus.sk\/blog\/wp-content\/uploads\/2024\/11\/IMG20241119084157-1024x1024.jpg 1024w, https:\/\/marcus.sk\/blog\/wp-content\/uploads\/2024\/11\/IMG20241119084157-300x300.jpg 300w, https:\/\/marcus.sk\/blog\/wp-content\/uploads\/2024\/11\/IMG20241119084157-150x150.jpg 150w, https:\/\/marcus.sk\/blog\/wp-content\/uploads\/2024\/11\/IMG20241119084157-768x768.jpg 768w, https:\/\/marcus.sk\/blog\/wp-content\/uploads\/2024\/11\/IMG20241119084157-1536x1536.jpg 1536w, https:\/\/marcus.sk\/blog\/wp-content\/uploads\/2024\/11\/IMG20241119084157-scaled.jpg 2048w\" sizes=\"auto, (max-width: 735px) 100vw, 735px\" data-attachment-id=\"17198\" data-permalink=\"https:\/\/marcus.sk\/blog\/prevetravana-fasada-na-objekte-v-dolnom-kubine\/img20241119084157\/\" data-orig-file=\"https:\/\/marcus.sk\/blog\/wp-content\/uploads\/2024\/11\/IMG20241119084157-scaled.jpg\" data-orig-size=\"2048,2048\" data-comments-opened=\"1\" data-image-meta=\"{&quot;aperture&quot;:&quot;1.7&quot;,&quot;credit&quot;:&quot;&quot;,&quot;camera&quot;:&quot;OPPO Reno5 Z&quot;,&quot;caption&quot;:&quot;&quot;,&quot;created_timestamp&quot;:&quot;1732005717&quot;,&quot;copyright&quot;:&quot;&quot;,&quot;focal_length&quot;:&quot;4.71&quot;,&quot;iso&quot;:&quot;227&quot;,&quot;shutter_speed&quot;:&quot;0.020003&quot;,&quot;title&quot;:&quot;&quot;,&quot;orientation&quot;:&quot;1&quot;}\" data-image-title=\"IMG20241119084157\" data-image-description=\"&lt;p&gt;Pou\u017eitie XPS  s dr\u00e1\u017ekou na zapustenie dl\u00e1\u017eby&lt;\/p&gt;\n\" data-image-caption=\"&lt;p&gt;Pou\u017eitie XPS &lt;\/p&gt;\n\" data-medium-file=\"https:\/\/marcus.sk\/blog\/wp-content\/uploads\/2024\/11\/IMG20241119084157-300x300.jpg\" data-large-file=\"https:\/\/marcus.sk\/blog\/wp-content\/uploads\/2024\/11\/IMG20241119084157-1024x1024.jpg\" \/><\/a>\n\t\t\t<\/div>\n\t\t\t\t<figcaption class='wp-caption-text gallery-caption' id='gallery-5-17198'>\n\t\t\t\tPou\u017eitie XPS \n\t\t\t\t<\/figcaption><\/figure><figure class='gallery-item'>\n\t\t\t<div class='gallery-icon landscape'>\n\t\t\t\t<a href='https:\/\/marcus.sk\/blog\/prevetravana-fasada-na-objekte-v-dolnom-kubine\/img20241119084200\/'><img loading=\"lazy\" decoding=\"async\" width=\"735\" height=\"735\" src=\"https:\/\/marcus.sk\/blog\/wp-content\/uploads\/2024\/11\/IMG20241119084200-1024x1024.jpg\" class=\"attachment-large size-large\" alt=\"\" aria-describedby=\"gallery-5-17194\" srcset=\"https:\/\/marcus.sk\/blog\/wp-content\/uploads\/2024\/11\/IMG20241119084200-1024x1024.jpg 1024w, https:\/\/marcus.sk\/blog\/wp-content\/uploads\/2024\/11\/IMG20241119084200-300x300.jpg 300w, https:\/\/marcus.sk\/blog\/wp-content\/uploads\/2024\/11\/IMG20241119084200-150x150.jpg 150w, https:\/\/marcus.sk\/blog\/wp-content\/uploads\/2024\/11\/IMG20241119084200-768x768.jpg 768w, https:\/\/marcus.sk\/blog\/wp-content\/uploads\/2024\/11\/IMG20241119084200-1536x1536.jpg 1536w, https:\/\/marcus.sk\/blog\/wp-content\/uploads\/2024\/11\/IMG20241119084200-scaled.jpg 2048w\" sizes=\"auto, (max-width: 735px) 100vw, 735px\" data-attachment-id=\"17194\" data-permalink=\"https:\/\/marcus.sk\/blog\/prevetravana-fasada-na-objekte-v-dolnom-kubine\/img20241119084200\/\" data-orig-file=\"https:\/\/marcus.sk\/blog\/wp-content\/uploads\/2024\/11\/IMG20241119084200-scaled.jpg\" data-orig-size=\"2048,2048\" data-comments-opened=\"1\" data-image-meta=\"{&quot;aperture&quot;:&quot;1.7&quot;,&quot;credit&quot;:&quot;&quot;,&quot;camera&quot;:&quot;OPPO Reno5 Z&quot;,&quot;caption&quot;:&quot;&quot;,&quot;created_timestamp&quot;:&quot;1732005720&quot;,&quot;copyright&quot;:&quot;&quot;,&quot;focal_length&quot;:&quot;4.71&quot;,&quot;iso&quot;:&quot;267&quot;,&quot;shutter_speed&quot;:&quot;0.020003&quot;,&quot;title&quot;:&quot;&quot;,&quot;orientation&quot;:&quot;1&quot;}\" data-image-title=\"IMG20241119084200\" data-image-description=\"&lt;p&gt;Upevnenei z\u00e1bradlia na terase&lt;\/p&gt;\n\" data-image-caption=\"&lt;p&gt;Upevnenie z\u00e1bradlia&lt;\/p&gt;\n\" data-medium-file=\"https:\/\/marcus.sk\/blog\/wp-content\/uploads\/2024\/11\/IMG20241119084200-300x300.jpg\" data-large-file=\"https:\/\/marcus.sk\/blog\/wp-content\/uploads\/2024\/11\/IMG20241119084200-1024x1024.jpg\" \/><\/a>\n\t\t\t<\/div>\n\t\t\t\t<figcaption class='wp-caption-text gallery-caption' id='gallery-5-17194'>\n\t\t\t\tUpevnenie z\u00e1bradlia\n\t\t\t\t<\/figcaption><\/figure>\n\t\t<\/div>\n\n<h2>Kompletn\u00e1 gal\u00e9ria<\/h2>\n<p>Pozrite si priebeh realiz\u00e1cie fas\u00e1dy v kompletnej fotogal\u00e9rii. Butete sa ma\u0165 \u010d\u00edm in\u0161pirova\u0165 pri \u010fal\u0161\u00edch objektoch a projektoch.<\/p>\n<div data-carousel-extra='{&quot;blog_id&quot;:1,&quot;permalink&quot;:&quot;https:\/\/marcus.sk\/blog\/prevetravana-fasada-na-objekte-v-dolnom-kubine\/&quot;}' id='gallery-6' class='gallery galleryid-17181 gallery-columns-3 gallery-size-thumbnail'><figure class='gallery-item'>\n\t\t\t<div class='gallery-icon landscape'>\n\t\t\t\t<a href='https:\/\/marcus.sk\/blog\/prevetravana-fasada-na-objekte-v-dolnom-kubine\/img20241119084157\/'><img loading=\"lazy\" decoding=\"async\" width=\"150\" height=\"150\" src=\"https:\/\/marcus.sk\/blog\/wp-content\/uploads\/2024\/11\/IMG20241119084157-150x150.jpg\" class=\"attachment-thumbnail size-thumbnail\" alt=\"\" aria-describedby=\"gallery-6-17198\" srcset=\"https:\/\/marcus.sk\/blog\/wp-content\/uploads\/2024\/11\/IMG20241119084157-150x150.jpg 150w, https:\/\/marcus.sk\/blog\/wp-content\/uploads\/2024\/11\/IMG20241119084157-300x300.jpg 300w, https:\/\/marcus.sk\/blog\/wp-content\/uploads\/2024\/11\/IMG20241119084157-1024x1024.jpg 1024w, https:\/\/marcus.sk\/blog\/wp-content\/uploads\/2024\/11\/IMG20241119084157-768x768.jpg 768w, https:\/\/marcus.sk\/blog\/wp-content\/uploads\/2024\/11\/IMG20241119084157-1536x1536.jpg 1536w, https:\/\/marcus.sk\/blog\/wp-content\/uploads\/2024\/11\/IMG20241119084157-scaled.jpg 2048w\" sizes=\"auto, (max-width: 150px) 100vw, 150px\" data-attachment-id=\"17198\" data-permalink=\"https:\/\/marcus.sk\/blog\/prevetravana-fasada-na-objekte-v-dolnom-kubine\/img20241119084157\/\" data-orig-file=\"https:\/\/marcus.sk\/blog\/wp-content\/uploads\/2024\/11\/IMG20241119084157-scaled.jpg\" data-orig-size=\"2048,2048\" data-comments-opened=\"1\" data-image-meta=\"{&quot;aperture&quot;:&quot;1.7&quot;,&quot;credit&quot;:&quot;&quot;,&quot;camera&quot;:&quot;OPPO Reno5 Z&quot;,&quot;caption&quot;:&quot;&quot;,&quot;created_timestamp&quot;:&quot;1732005717&quot;,&quot;copyright&quot;:&quot;&quot;,&quot;focal_length&quot;:&quot;4.71&quot;,&quot;iso&quot;:&quot;227&quot;,&quot;shutter_speed&quot;:&quot;0.020003&quot;,&quot;title&quot;:&quot;&quot;,&quot;orientation&quot;:&quot;1&quot;}\" data-image-title=\"IMG20241119084157\" data-image-description=\"&lt;p&gt;Pou\u017eitie XPS  s dr\u00e1\u017ekou na zapustenie dl\u00e1\u017eby&lt;\/p&gt;\n\" data-image-caption=\"&lt;p&gt;Pou\u017eitie XPS &lt;\/p&gt;\n\" data-medium-file=\"https:\/\/marcus.sk\/blog\/wp-content\/uploads\/2024\/11\/IMG20241119084157-300x300.jpg\" data-large-file=\"https:\/\/marcus.sk\/blog\/wp-content\/uploads\/2024\/11\/IMG20241119084157-1024x1024.jpg\" \/><\/a>\n\t\t\t<\/div>\n\t\t\t\t<figcaption class='wp-caption-text gallery-caption' id='gallery-6-17198'>\n\t\t\t\tPou\u017eitie XPS \n\t\t\t\t<\/figcaption><\/figure><figure class='gallery-item'>\n\t\t\t<div class='gallery-icon landscape'>\n\t\t\t\t<a href='https:\/\/marcus.sk\/blog\/prevetravana-fasada-na-objekte-v-dolnom-kubine\/img20241119084200\/'><img loading=\"lazy\" decoding=\"async\" width=\"150\" height=\"150\" src=\"https:\/\/marcus.sk\/blog\/wp-content\/uploads\/2024\/11\/IMG20241119084200-150x150.jpg\" class=\"attachment-thumbnail size-thumbnail\" alt=\"\" aria-describedby=\"gallery-6-17194\" srcset=\"https:\/\/marcus.sk\/blog\/wp-content\/uploads\/2024\/11\/IMG20241119084200-150x150.jpg 150w, https:\/\/marcus.sk\/blog\/wp-content\/uploads\/2024\/11\/IMG20241119084200-300x300.jpg 300w, https:\/\/marcus.sk\/blog\/wp-content\/uploads\/2024\/11\/IMG20241119084200-1024x1024.jpg 1024w, https:\/\/marcus.sk\/blog\/wp-content\/uploads\/2024\/11\/IMG20241119084200-768x768.jpg 768w, https:\/\/marcus.sk\/blog\/wp-content\/uploads\/2024\/11\/IMG20241119084200-1536x1536.jpg 1536w, https:\/\/marcus.sk\/blog\/wp-content\/uploads\/2024\/11\/IMG20241119084200-scaled.jpg 2048w\" sizes=\"auto, (max-width: 150px) 100vw, 150px\" data-attachment-id=\"17194\" data-permalink=\"https:\/\/marcus.sk\/blog\/prevetravana-fasada-na-objekte-v-dolnom-kubine\/img20241119084200\/\" data-orig-file=\"https:\/\/marcus.sk\/blog\/wp-content\/uploads\/2024\/11\/IMG20241119084200-scaled.jpg\" data-orig-size=\"2048,2048\" data-comments-opened=\"1\" data-image-meta=\"{&quot;aperture&quot;:&quot;1.7&quot;,&quot;credit&quot;:&quot;&quot;,&quot;camera&quot;:&quot;OPPO Reno5 Z&quot;,&quot;caption&quot;:&quot;&quot;,&quot;created_timestamp&quot;:&quot;1732005720&quot;,&quot;copyright&quot;:&quot;&quot;,&quot;focal_length&quot;:&quot;4.71&quot;,&quot;iso&quot;:&quot;267&quot;,&quot;shutter_speed&quot;:&quot;0.020003&quot;,&quot;title&quot;:&quot;&quot;,&quot;orientation&quot;:&quot;1&quot;}\" data-image-title=\"IMG20241119084200\" data-image-description=\"&lt;p&gt;Upevnenei z\u00e1bradlia na terase&lt;\/p&gt;\n\" data-image-caption=\"&lt;p&gt;Upevnenie z\u00e1bradlia&lt;\/p&gt;\n\" data-medium-file=\"https:\/\/marcus.sk\/blog\/wp-content\/uploads\/2024\/11\/IMG20241119084200-300x300.jpg\" data-large-file=\"https:\/\/marcus.sk\/blog\/wp-content\/uploads\/2024\/11\/IMG20241119084200-1024x1024.jpg\" \/><\/a>\n\t\t\t<\/div>\n\t\t\t\t<figcaption class='wp-caption-text gallery-caption' id='gallery-6-17194'>\n\t\t\t\tUpevnenie z\u00e1bradlia\n\t\t\t\t<\/figcaption><\/figure><figure class='gallery-item'>\n\t\t\t<div class='gallery-icon landscape'>\n\t\t\t\t<a href='https:\/\/marcus.sk\/blog\/prevetravana-fasada-na-objekte-v-dolnom-kubine\/img20241119085909\/'><img loading=\"lazy\" decoding=\"async\" width=\"150\" height=\"150\" src=\"https:\/\/marcus.sk\/blog\/wp-content\/uploads\/2024\/11\/IMG20241119085909-150x150.jpg\" class=\"attachment-thumbnail size-thumbnail\" alt=\"\" srcset=\"https:\/\/marcus.sk\/blog\/wp-content\/uploads\/2024\/11\/IMG20241119085909-150x150.jpg 150w, https:\/\/marcus.sk\/blog\/wp-content\/uploads\/2024\/11\/IMG20241119085909-300x300.jpg 300w, https:\/\/marcus.sk\/blog\/wp-content\/uploads\/2024\/11\/IMG20241119085909-1024x1024.jpg 1024w, https:\/\/marcus.sk\/blog\/wp-content\/uploads\/2024\/11\/IMG20241119085909-768x768.jpg 768w, https:\/\/marcus.sk\/blog\/wp-content\/uploads\/2024\/11\/IMG20241119085909-1536x1536.jpg 1536w, https:\/\/marcus.sk\/blog\/wp-content\/uploads\/2024\/11\/IMG20241119085909-scaled.jpg 2048w\" sizes=\"auto, (max-width: 150px) 100vw, 150px\" data-attachment-id=\"17182\" data-permalink=\"https:\/\/marcus.sk\/blog\/prevetravana-fasada-na-objekte-v-dolnom-kubine\/img20241119085909\/\" data-orig-file=\"https:\/\/marcus.sk\/blog\/wp-content\/uploads\/2024\/11\/IMG20241119085909-scaled.jpg\" data-orig-size=\"2048,2048\" data-comments-opened=\"1\" data-image-meta=\"{&quot;aperture&quot;:&quot;1.7&quot;,&quot;credit&quot;:&quot;&quot;,&quot;camera&quot;:&quot;OPPO Reno5 Z&quot;,&quot;caption&quot;:&quot;&quot;,&quot;created_timestamp&quot;:&quot;1732006749&quot;,&quot;copyright&quot;:&quot;&quot;,&quot;focal_length&quot;:&quot;4.71&quot;,&quot;iso&quot;:&quot;330&quot;,&quot;shutter_speed&quot;:&quot;0.020003&quot;,&quot;title&quot;:&quot;&quot;,&quot;orientation&quot;:&quot;1&quot;}\" data-image-title=\"IMG20241119085909\" data-image-description=\"\" data-image-caption=\"\" data-medium-file=\"https:\/\/marcus.sk\/blog\/wp-content\/uploads\/2024\/11\/IMG20241119085909-300x300.jpg\" data-large-file=\"https:\/\/marcus.sk\/blog\/wp-content\/uploads\/2024\/11\/IMG20241119085909-1024x1024.jpg\" \/><\/a>\n\t\t\t<\/div><\/figure><figure class='gallery-item'>\n\t\t\t<div class='gallery-icon landscape'>\n\t\t\t\t<a href='https:\/\/marcus.sk\/blog\/prevetravana-fasada-na-objekte-v-dolnom-kubine\/img20241119085817\/'><img loading=\"lazy\" decoding=\"async\" width=\"150\" height=\"150\" src=\"https:\/\/marcus.sk\/blog\/wp-content\/uploads\/2024\/11\/IMG20241119085817-150x150.jpg\" class=\"attachment-thumbnail size-thumbnail\" alt=\"\" srcset=\"https:\/\/marcus.sk\/blog\/wp-content\/uploads\/2024\/11\/IMG20241119085817-150x150.jpg 150w, https:\/\/marcus.sk\/blog\/wp-content\/uploads\/2024\/11\/IMG20241119085817-300x300.jpg 300w, https:\/\/marcus.sk\/blog\/wp-content\/uploads\/2024\/11\/IMG20241119085817-1024x1024.jpg 1024w, https:\/\/marcus.sk\/blog\/wp-content\/uploads\/2024\/11\/IMG20241119085817-768x768.jpg 768w, https:\/\/marcus.sk\/blog\/wp-content\/uploads\/2024\/11\/IMG20241119085817-1536x1536.jpg 1536w, https:\/\/marcus.sk\/blog\/wp-content\/uploads\/2024\/11\/IMG20241119085817-scaled.jpg 2048w\" sizes=\"auto, (max-width: 150px) 100vw, 150px\" data-attachment-id=\"17190\" data-permalink=\"https:\/\/marcus.sk\/blog\/prevetravana-fasada-na-objekte-v-dolnom-kubine\/img20241119085817\/\" data-orig-file=\"https:\/\/marcus.sk\/blog\/wp-content\/uploads\/2024\/11\/IMG20241119085817-scaled.jpg\" data-orig-size=\"2048,2048\" data-comments-opened=\"1\" data-image-meta=\"{&quot;aperture&quot;:&quot;1.7&quot;,&quot;credit&quot;:&quot;&quot;,&quot;camera&quot;:&quot;OPPO Reno5 Z&quot;,&quot;caption&quot;:&quot;&quot;,&quot;created_timestamp&quot;:&quot;1732006697&quot;,&quot;copyright&quot;:&quot;&quot;,&quot;focal_length&quot;:&quot;4.71&quot;,&quot;iso&quot;:&quot;410&quot;,&quot;shutter_speed&quot;:&quot;0.020003&quot;,&quot;title&quot;:&quot;&quot;,&quot;orientation&quot;:&quot;1&quot;}\" data-image-title=\"IMG20241119085817\" data-image-description=\"\" data-image-caption=\"\" data-medium-file=\"https:\/\/marcus.sk\/blog\/wp-content\/uploads\/2024\/11\/IMG20241119085817-300x300.jpg\" data-large-file=\"https:\/\/marcus.sk\/blog\/wp-content\/uploads\/2024\/11\/IMG20241119085817-1024x1024.jpg\" \/><\/a>\n\t\t\t<\/div><\/figure><figure class='gallery-item'>\n\t\t\t<div class='gallery-icon landscape'>\n\t\t\t\t<a href='https:\/\/marcus.sk\/blog\/prevetravana-fasada-na-objekte-v-dolnom-kubine\/img20241119082038\/'><img loading=\"lazy\" decoding=\"async\" width=\"150\" height=\"150\" src=\"https:\/\/marcus.sk\/blog\/wp-content\/uploads\/2024\/11\/IMG20241119082038-150x150.jpg\" class=\"attachment-thumbnail size-thumbnail\" alt=\"\" srcset=\"https:\/\/marcus.sk\/blog\/wp-content\/uploads\/2024\/11\/IMG20241119082038-150x150.jpg 150w, https:\/\/marcus.sk\/blog\/wp-content\/uploads\/2024\/11\/IMG20241119082038-300x300.jpg 300w, https:\/\/marcus.sk\/blog\/wp-content\/uploads\/2024\/11\/IMG20241119082038-1024x1024.jpg 1024w, https:\/\/marcus.sk\/blog\/wp-content\/uploads\/2024\/11\/IMG20241119082038-768x768.jpg 768w, https:\/\/marcus.sk\/blog\/wp-content\/uploads\/2024\/11\/IMG20241119082038-1536x1536.jpg 1536w, https:\/\/marcus.sk\/blog\/wp-content\/uploads\/2024\/11\/IMG20241119082038-scaled.jpg 2048w\" sizes=\"auto, (max-width: 150px) 100vw, 150px\" data-attachment-id=\"17202\" data-permalink=\"https:\/\/marcus.sk\/blog\/prevetravana-fasada-na-objekte-v-dolnom-kubine\/img20241119082038\/\" data-orig-file=\"https:\/\/marcus.sk\/blog\/wp-content\/uploads\/2024\/11\/IMG20241119082038-scaled.jpg\" data-orig-size=\"2048,2048\" data-comments-opened=\"1\" data-image-meta=\"{&quot;aperture&quot;:&quot;1.7&quot;,&quot;credit&quot;:&quot;&quot;,&quot;camera&quot;:&quot;OPPO Reno5 Z&quot;,&quot;caption&quot;:&quot;&quot;,&quot;created_timestamp&quot;:&quot;1732004438&quot;,&quot;copyright&quot;:&quot;&quot;,&quot;focal_length&quot;:&quot;4.71&quot;,&quot;iso&quot;:&quot;256&quot;,&quot;shutter_speed&quot;:&quot;0.020003&quot;,&quot;title&quot;:&quot;&quot;,&quot;orientation&quot;:&quot;1&quot;}\" data-image-title=\"IMG20241119082038\" data-image-description=\"\" data-image-caption=\"\" data-medium-file=\"https:\/\/marcus.sk\/blog\/wp-content\/uploads\/2024\/11\/IMG20241119082038-300x300.jpg\" data-large-file=\"https:\/\/marcus.sk\/blog\/wp-content\/uploads\/2024\/11\/IMG20241119082038-1024x1024.jpg\" \/><\/a>\n\t\t\t<\/div><\/figure><figure class='gallery-item'>\n\t\t\t<div class='gallery-icon landscape'>\n\t\t\t\t<a href='https:\/\/marcus.sk\/blog\/prevetravana-fasada-na-objekte-v-dolnom-kubine\/img20241119081252\/'><img loading=\"lazy\" decoding=\"async\" width=\"150\" height=\"150\" src=\"https:\/\/marcus.sk\/blog\/wp-content\/uploads\/2024\/11\/IMG20241119081252-150x150.jpg\" class=\"attachment-thumbnail size-thumbnail\" alt=\"\" aria-describedby=\"gallery-6-17210\" srcset=\"https:\/\/marcus.sk\/blog\/wp-content\/uploads\/2024\/11\/IMG20241119081252-150x150.jpg 150w, https:\/\/marcus.sk\/blog\/wp-content\/uploads\/2024\/11\/IMG20241119081252-300x300.jpg 300w, https:\/\/marcus.sk\/blog\/wp-content\/uploads\/2024\/11\/IMG20241119081252-1024x1024.jpg 1024w, https:\/\/marcus.sk\/blog\/wp-content\/uploads\/2024\/11\/IMG20241119081252-768x768.jpg 768w, https:\/\/marcus.sk\/blog\/wp-content\/uploads\/2024\/11\/IMG20241119081252-1536x1536.jpg 1536w, https:\/\/marcus.sk\/blog\/wp-content\/uploads\/2024\/11\/IMG20241119081252-scaled.jpg 2048w\" sizes=\"auto, (max-width: 150px) 100vw, 150px\" data-attachment-id=\"17210\" data-permalink=\"https:\/\/marcus.sk\/blog\/prevetravana-fasada-na-objekte-v-dolnom-kubine\/img20241119081252\/\" data-orig-file=\"https:\/\/marcus.sk\/blog\/wp-content\/uploads\/2024\/11\/IMG20241119081252-scaled.jpg\" data-orig-size=\"2048,2048\" data-comments-opened=\"1\" data-image-meta=\"{&quot;aperture&quot;:&quot;1.7&quot;,&quot;credit&quot;:&quot;&quot;,&quot;camera&quot;:&quot;OPPO Reno5 Z&quot;,&quot;caption&quot;:&quot;&quot;,&quot;created_timestamp&quot;:&quot;1732003972&quot;,&quot;copyright&quot;:&quot;&quot;,&quot;focal_length&quot;:&quot;4.71&quot;,&quot;iso&quot;:&quot;343&quot;,&quot;shutter_speed&quot;:&quot;0.020003&quot;,&quot;title&quot;:&quot;&quot;,&quot;orientation&quot;:&quot;1&quot;}\" data-image-title=\"IMG20241119081252\" data-image-description=\"&lt;p&gt;Napojenie membr\u00e1ny na soklov\u00fd profil &lt;\/p&gt;\n\" data-image-caption=\"&lt;p&gt;Napojenie membr\u00e1ny&lt;\/p&gt;\n\" data-medium-file=\"https:\/\/marcus.sk\/blog\/wp-content\/uploads\/2024\/11\/IMG20241119081252-300x300.jpg\" data-large-file=\"https:\/\/marcus.sk\/blog\/wp-content\/uploads\/2024\/11\/IMG20241119081252-1024x1024.jpg\" \/><\/a>\n\t\t\t<\/div>\n\t\t\t\t<figcaption class='wp-caption-text gallery-caption' id='gallery-6-17210'>\n\t\t\t\tNapojenie membr\u00e1ny\n\t\t\t\t<\/figcaption><\/figure><figure class='gallery-item'>\n\t\t\t<div class='gallery-icon landscape'>\n\t\t\t\t<a href='https:\/\/marcus.sk\/blog\/prevetravana-fasada-na-objekte-v-dolnom-kubine\/img20241119081256\/'><img loading=\"lazy\" decoding=\"async\" width=\"150\" height=\"150\" src=\"https:\/\/marcus.sk\/blog\/wp-content\/uploads\/2024\/11\/IMG20241119081256-150x150.jpg\" class=\"attachment-thumbnail size-thumbnail\" alt=\"\" aria-describedby=\"gallery-6-17206\" srcset=\"https:\/\/marcus.sk\/blog\/wp-content\/uploads\/2024\/11\/IMG20241119081256-150x150.jpg 150w, https:\/\/marcus.sk\/blog\/wp-content\/uploads\/2024\/11\/IMG20241119081256-300x300.jpg 300w, https:\/\/marcus.sk\/blog\/wp-content\/uploads\/2024\/11\/IMG20241119081256-1024x1024.jpg 1024w, https:\/\/marcus.sk\/blog\/wp-content\/uploads\/2024\/11\/IMG20241119081256-768x768.jpg 768w, https:\/\/marcus.sk\/blog\/wp-content\/uploads\/2024\/11\/IMG20241119081256-1536x1536.jpg 1536w, https:\/\/marcus.sk\/blog\/wp-content\/uploads\/2024\/11\/IMG20241119081256-scaled.jpg 2048w\" sizes=\"auto, (max-width: 150px) 100vw, 150px\" data-attachment-id=\"17206\" data-permalink=\"https:\/\/marcus.sk\/blog\/prevetravana-fasada-na-objekte-v-dolnom-kubine\/img20241119081256\/\" data-orig-file=\"https:\/\/marcus.sk\/blog\/wp-content\/uploads\/2024\/11\/IMG20241119081256-scaled.jpg\" data-orig-size=\"2048,2048\" data-comments-opened=\"1\" data-image-meta=\"{&quot;aperture&quot;:&quot;1.7&quot;,&quot;credit&quot;:&quot;&quot;,&quot;camera&quot;:&quot;OPPO Reno5 Z&quot;,&quot;caption&quot;:&quot;&quot;,&quot;created_timestamp&quot;:&quot;1732003976&quot;,&quot;copyright&quot;:&quot;&quot;,&quot;focal_length&quot;:&quot;4.71&quot;,&quot;iso&quot;:&quot;746&quot;,&quot;shutter_speed&quot;:&quot;0.020003&quot;,&quot;title&quot;:&quot;&quot;,&quot;orientation&quot;:&quot;1&quot;}\" data-image-title=\"IMG20241119081256\" data-image-description=\"&lt;p&gt;Sokel pre uzavret\u00edm tepelnej izol\u00e1cie membr\u00e1nou dorken&lt;\/p&gt;\n\" data-image-caption=\"&lt;p&gt;Sokel pre uzavret\u00edm&lt;\/p&gt;\n\" data-medium-file=\"https:\/\/marcus.sk\/blog\/wp-content\/uploads\/2024\/11\/IMG20241119081256-300x300.jpg\" data-large-file=\"https:\/\/marcus.sk\/blog\/wp-content\/uploads\/2024\/11\/IMG20241119081256-1024x1024.jpg\" \/><\/a>\n\t\t\t<\/div>\n\t\t\t\t<figcaption class='wp-caption-text gallery-caption' id='gallery-6-17206'>\n\t\t\t\tSokel pre uzavret\u00edm\n\t\t\t\t<\/figcaption><\/figure><figure class='gallery-item'>\n\t\t\t<div class='gallery-icon landscape'>\n\t\t\t\t<a href='https:\/\/marcus.sk\/blog\/prevetravana-fasada-na-objekte-v-dolnom-kubine\/img20241119085828\/'><img loading=\"lazy\" decoding=\"async\" width=\"150\" height=\"150\" src=\"https:\/\/marcus.sk\/blog\/wp-content\/uploads\/2024\/11\/IMG20241119085828-150x150.jpg\" class=\"attachment-thumbnail size-thumbnail\" alt=\"\" srcset=\"https:\/\/marcus.sk\/blog\/wp-content\/uploads\/2024\/11\/IMG20241119085828-150x150.jpg 150w, https:\/\/marcus.sk\/blog\/wp-content\/uploads\/2024\/11\/IMG20241119085828-300x300.jpg 300w, https:\/\/marcus.sk\/blog\/wp-content\/uploads\/2024\/11\/IMG20241119085828-1024x1024.jpg 1024w, https:\/\/marcus.sk\/blog\/wp-content\/uploads\/2024\/11\/IMG20241119085828-768x768.jpg 768w, https:\/\/marcus.sk\/blog\/wp-content\/uploads\/2024\/11\/IMG20241119085828-1536x1536.jpg 1536w, https:\/\/marcus.sk\/blog\/wp-content\/uploads\/2024\/11\/IMG20241119085828-scaled.jpg 2048w\" sizes=\"auto, (max-width: 150px) 100vw, 150px\" data-attachment-id=\"17186\" data-permalink=\"https:\/\/marcus.sk\/blog\/prevetravana-fasada-na-objekte-v-dolnom-kubine\/img20241119085828\/\" data-orig-file=\"https:\/\/marcus.sk\/blog\/wp-content\/uploads\/2024\/11\/IMG20241119085828-scaled.jpg\" data-orig-size=\"2048,2048\" data-comments-opened=\"1\" data-image-meta=\"{&quot;aperture&quot;:&quot;1.7&quot;,&quot;credit&quot;:&quot;&quot;,&quot;camera&quot;:&quot;OPPO Reno5 Z&quot;,&quot;caption&quot;:&quot;&quot;,&quot;created_timestamp&quot;:&quot;1732006708&quot;,&quot;copyright&quot;:&quot;&quot;,&quot;focal_length&quot;:&quot;4.71&quot;,&quot;iso&quot;:&quot;308&quot;,&quot;shutter_speed&quot;:&quot;0.020003&quot;,&quot;title&quot;:&quot;&quot;,&quot;orientation&quot;:&quot;1&quot;}\" data-image-title=\"IMG20241119085828\" data-image-description=\"\" data-image-caption=\"\" data-medium-file=\"https:\/\/marcus.sk\/blog\/wp-content\/uploads\/2024\/11\/IMG20241119085828-300x300.jpg\" data-large-file=\"https:\/\/marcus.sk\/blog\/wp-content\/uploads\/2024\/11\/IMG20241119085828-1024x1024.jpg\" \/><\/a>\n\t\t\t<\/div><\/figure><figure class='gallery-item'>\n\t\t\t<div class='gallery-icon landscape'>\n\t\t\t\t<a href='https:\/\/marcus.sk\/blog\/prevetravana-fasada-na-objekte-v-dolnom-kubine\/img20241125140935\/'><img loading=\"lazy\" decoding=\"async\" width=\"150\" height=\"150\" src=\"https:\/\/marcus.sk\/blog\/wp-content\/uploads\/2024\/11\/IMG20241125140935-150x150.jpg\" class=\"attachment-thumbnail size-thumbnail\" alt=\"\" aria-describedby=\"gallery-6-17219\" data-attachment-id=\"17219\" data-permalink=\"https:\/\/marcus.sk\/blog\/prevetravana-fasada-na-objekte-v-dolnom-kubine\/img20241125140935\/\" data-orig-file=\"https:\/\/marcus.sk\/blog\/wp-content\/uploads\/2024\/11\/IMG20241125140935-scaled.jpg\" data-orig-size=\"2048,924\" data-comments-opened=\"1\" data-image-meta=\"{&quot;aperture&quot;:&quot;2.2&quot;,&quot;credit&quot;:&quot;&quot;,&quot;camera&quot;:&quot;OPPO Reno5 Z&quot;,&quot;caption&quot;:&quot;&quot;,&quot;created_timestamp&quot;:&quot;1732543775&quot;,&quot;copyright&quot;:&quot;&quot;,&quot;focal_length&quot;:&quot;1.66&quot;,&quot;iso&quot;:&quot;104&quot;,&quot;shutter_speed&quot;:&quot;0.002717&quot;,&quot;title&quot;:&quot;&quot;,&quot;orientation&quot;:&quot;1&quot;}\" data-image-title=\"IMG20241125140935\" data-image-description=\"\" data-image-caption=\"&lt;p&gt;Before&lt;\/p&gt;\n\" data-medium-file=\"https:\/\/marcus.sk\/blog\/wp-content\/uploads\/2024\/11\/IMG20241125140935-300x135.jpg\" data-large-file=\"https:\/\/marcus.sk\/blog\/wp-content\/uploads\/2024\/11\/IMG20241125140935-1024x462.jpg\" \/><\/a>\n\t\t\t<\/div>\n\t\t\t\t<figcaption class='wp-caption-text gallery-caption' id='gallery-6-17219'>\n\t\t\t\tBefore\n\t\t\t\t<\/figcaption><\/figure><figure class='gallery-item'>\n\t\t\t<div class='gallery-icon landscape'>\n\t\t\t\t<a href='https:\/\/marcus.sk\/blog\/prevetravana-fasada-na-objekte-v-dolnom-kubine\/img20250708074411\/'><img loading=\"lazy\" decoding=\"async\" width=\"150\" height=\"150\" src=\"https:\/\/marcus.sk\/blog\/wp-content\/uploads\/2024\/11\/IMG20250708074411-150x150.jpg\" class=\"attachment-thumbnail size-thumbnail\" alt=\"\" aria-describedby=\"gallery-6-19343\" data-attachment-id=\"19343\" data-permalink=\"https:\/\/marcus.sk\/blog\/prevetravana-fasada-na-objekte-v-dolnom-kubine\/img20250708074411\/\" data-orig-file=\"https:\/\/marcus.sk\/blog\/wp-content\/uploads\/2024\/11\/IMG20250708074411-scaled.jpg\" data-orig-size=\"2048,924\" data-comments-opened=\"1\" data-image-meta=\"{&quot;aperture&quot;:&quot;2.2&quot;,&quot;credit&quot;:&quot;&quot;,&quot;camera&quot;:&quot;OPPO Reno5 Z&quot;,&quot;caption&quot;:&quot;&quot;,&quot;created_timestamp&quot;:&quot;1751960651&quot;,&quot;copyright&quot;:&quot;&quot;,&quot;focal_length&quot;:&quot;1.66&quot;,&quot;iso&quot;:&quot;103&quot;,&quot;shutter_speed&quot;:&quot;0.006032&quot;,&quot;title&quot;:&quot;&quot;,&quot;orientation&quot;:&quot;1&quot;}\" data-image-title=\"IMG20250708074411\" data-image-description=\"\" data-image-caption=\"&lt;p&gt;After&lt;\/p&gt;\n\" data-medium-file=\"https:\/\/marcus.sk\/blog\/wp-content\/uploads\/2024\/11\/IMG20250708074411-300x135.jpg\" data-large-file=\"https:\/\/marcus.sk\/blog\/wp-content\/uploads\/2024\/11\/IMG20250708074411-1024x462.jpg\" \/><\/a>\n\t\t\t<\/div>\n\t\t\t\t<figcaption class='wp-caption-text gallery-caption' id='gallery-6-19343'>\n\t\t\t\tAfter\n\t\t\t\t<\/figcaption><\/figure><figure class='gallery-item'>\n\t\t\t<div class='gallery-icon landscape'>\n\t\t\t\t<a href='https:\/\/marcus.sk\/blog\/prevetravana-fasada-na-objekte-v-dolnom-kubine\/img20250708074346\/'><img loading=\"lazy\" decoding=\"async\" width=\"150\" height=\"150\" src=\"https:\/\/marcus.sk\/blog\/wp-content\/uploads\/2024\/11\/IMG20250708074346-150x150.jpg\" class=\"attachment-thumbnail size-thumbnail\" alt=\"\" data-attachment-id=\"19347\" data-permalink=\"https:\/\/marcus.sk\/blog\/prevetravana-fasada-na-objekte-v-dolnom-kubine\/img20250708074346\/\" data-orig-file=\"https:\/\/marcus.sk\/blog\/wp-content\/uploads\/2024\/11\/IMG20250708074346-scaled.jpg\" data-orig-size=\"2048,924\" data-comments-opened=\"1\" data-image-meta=\"{&quot;aperture&quot;:&quot;2.2&quot;,&quot;credit&quot;:&quot;&quot;,&quot;camera&quot;:&quot;OPPO Reno5 Z&quot;,&quot;caption&quot;:&quot;&quot;,&quot;created_timestamp&quot;:&quot;1751960626&quot;,&quot;copyright&quot;:&quot;&quot;,&quot;focal_length&quot;:&quot;1.66&quot;,&quot;iso&quot;:&quot;104&quot;,&quot;shutter_speed&quot;:&quot;0.002483&quot;,&quot;title&quot;:&quot;&quot;,&quot;orientation&quot;:&quot;1&quot;}\" data-image-title=\"IMG20250708074346\" data-image-description=\"\" data-image-caption=\"\" data-medium-file=\"https:\/\/marcus.sk\/blog\/wp-content\/uploads\/2024\/11\/IMG20250708074346-300x135.jpg\" data-large-file=\"https:\/\/marcus.sk\/blog\/wp-content\/uploads\/2024\/11\/IMG20250708074346-1024x462.jpg\" \/><\/a>\n\t\t\t<\/div><\/figure><figure class='gallery-item'>\n\t\t\t<div class='gallery-icon landscape'>\n\t\t\t\t<a href='https:\/\/marcus.sk\/blog\/prevetravana-fasada-na-objekte-v-dolnom-kubine\/img20250708074322\/'><img loading=\"lazy\" decoding=\"async\" width=\"150\" height=\"150\" src=\"https:\/\/marcus.sk\/blog\/wp-content\/uploads\/2024\/11\/IMG20250708074322-150x150.jpg\" class=\"attachment-thumbnail size-thumbnail\" alt=\"\" data-attachment-id=\"19351\" data-permalink=\"https:\/\/marcus.sk\/blog\/prevetravana-fasada-na-objekte-v-dolnom-kubine\/img20250708074322\/\" data-orig-file=\"https:\/\/marcus.sk\/blog\/wp-content\/uploads\/2024\/11\/IMG20250708074322-scaled.jpg\" data-orig-size=\"2048,1536\" data-comments-opened=\"1\" data-image-meta=\"{&quot;aperture&quot;:&quot;1.7&quot;,&quot;credit&quot;:&quot;&quot;,&quot;camera&quot;:&quot;OPPO Reno5 Z&quot;,&quot;caption&quot;:&quot;&quot;,&quot;created_timestamp&quot;:&quot;1751960602&quot;,&quot;copyright&quot;:&quot;&quot;,&quot;focal_length&quot;:&quot;4.71&quot;,&quot;iso&quot;:&quot;200&quot;,&quot;shutter_speed&quot;:&quot;0.0028&quot;,&quot;title&quot;:&quot;&quot;,&quot;orientation&quot;:&quot;1&quot;}\" data-image-title=\"IMG20250708074322\" data-image-description=\"\" data-image-caption=\"\" data-medium-file=\"https:\/\/marcus.sk\/blog\/wp-content\/uploads\/2024\/11\/IMG20250708074322-300x225.jpg\" data-large-file=\"https:\/\/marcus.sk\/blog\/wp-content\/uploads\/2024\/11\/IMG20250708074322-1024x768.jpg\" \/><\/a>\n\t\t\t<\/div><\/figure><figure class='gallery-item'>\n\t\t\t<div class='gallery-icon portrait'>\n\t\t\t\t<a href='https:\/\/marcus.sk\/blog\/prevetravana-fasada-na-objekte-v-dolnom-kubine\/img20250708074229\/'><img loading=\"lazy\" decoding=\"async\" width=\"150\" height=\"150\" src=\"https:\/\/marcus.sk\/blog\/wp-content\/uploads\/2024\/11\/IMG20250708074229-150x150.jpg\" class=\"attachment-thumbnail size-thumbnail\" alt=\"\" aria-describedby=\"gallery-6-19355\" data-attachment-id=\"19355\" data-permalink=\"https:\/\/marcus.sk\/blog\/prevetravana-fasada-na-objekte-v-dolnom-kubine\/img20250708074229\/\" data-orig-file=\"https:\/\/marcus.sk\/blog\/wp-content\/uploads\/2024\/11\/IMG20250708074229-scaled.jpg\" data-orig-size=\"1536,2048\" data-comments-opened=\"1\" data-image-meta=\"{&quot;aperture&quot;:&quot;1.7&quot;,&quot;credit&quot;:&quot;&quot;,&quot;camera&quot;:&quot;OPPO Reno5 Z&quot;,&quot;caption&quot;:&quot;&quot;,&quot;created_timestamp&quot;:&quot;1751960549&quot;,&quot;copyright&quot;:&quot;&quot;,&quot;focal_length&quot;:&quot;4.71&quot;,&quot;iso&quot;:&quot;101&quot;,&quot;shutter_speed&quot;:&quot;0.002334&quot;,&quot;title&quot;:&quot;&quot;,&quot;orientation&quot;:&quot;1&quot;}\" data-image-title=\"IMG20250708074229\" data-image-description=\"&lt;p&gt;Vonkaj\u0161ia hrana objektu bez pou\u017eitia rohov\u00fdch profilov&lt;\/p&gt;\n\" data-image-caption=\"&lt;p&gt;Vonkaj\u0161ia hrana objektu&lt;\/p&gt;\n\" data-medium-file=\"https:\/\/marcus.sk\/blog\/wp-content\/uploads\/2024\/11\/IMG20250708074229-225x300.jpg\" data-large-file=\"https:\/\/marcus.sk\/blog\/wp-content\/uploads\/2024\/11\/IMG20250708074229-768x1024.jpg\" \/><\/a>\n\t\t\t<\/div>\n\t\t\t\t<figcaption class='wp-caption-text gallery-caption' id='gallery-6-19355'>\n\t\t\t\tVonkaj\u0161ia hrana objektu\n\t\t\t\t<\/figcaption><\/figure><figure class='gallery-item'>\n\t\t\t<div class='gallery-icon landscape'>\n\t\t\t\t<a href='https:\/\/marcus.sk\/blog\/prevetravana-fasada-na-objekte-v-dolnom-kubine\/img20250708074124\/'><img loading=\"lazy\" decoding=\"async\" width=\"150\" height=\"150\" src=\"https:\/\/marcus.sk\/blog\/wp-content\/uploads\/2024\/11\/IMG20250708074124-150x150.jpg\" class=\"attachment-thumbnail size-thumbnail\" alt=\"\" aria-describedby=\"gallery-6-19359\" data-attachment-id=\"19359\" data-permalink=\"https:\/\/marcus.sk\/blog\/prevetravana-fasada-na-objekte-v-dolnom-kubine\/img20250708074124\/\" data-orig-file=\"https:\/\/marcus.sk\/blog\/wp-content\/uploads\/2024\/11\/IMG20250708074124-scaled.jpg\" data-orig-size=\"2048,922\" data-comments-opened=\"1\" data-image-meta=\"{&quot;aperture&quot;:&quot;1.7&quot;,&quot;credit&quot;:&quot;&quot;,&quot;camera&quot;:&quot;OPPO Reno5 Z&quot;,&quot;caption&quot;:&quot;&quot;,&quot;created_timestamp&quot;:&quot;1751960484&quot;,&quot;copyright&quot;:&quot;&quot;,&quot;focal_length&quot;:&quot;4.71&quot;,&quot;iso&quot;:&quot;102&quot;,&quot;shutter_speed&quot;:&quot;0.00249&quot;,&quot;title&quot;:&quot;&quot;,&quot;orientation&quot;:&quot;1&quot;}\" data-image-title=\"IMG20250708074124\" data-image-description=\"&lt;p&gt;Raster fas\u00e1dnych dosiek HPL bez pou\u017eitia rohov\u00fdch profilov&lt;\/p&gt;\n\" data-image-caption=\"&lt;p&gt;Raster fas\u00e1dnych dosiek HPL&lt;\/p&gt;\n\" data-medium-file=\"https:\/\/marcus.sk\/blog\/wp-content\/uploads\/2024\/11\/IMG20250708074124-300x135.jpg\" data-large-file=\"https:\/\/marcus.sk\/blog\/wp-content\/uploads\/2024\/11\/IMG20250708074124-1024x461.jpg\" \/><\/a>\n\t\t\t<\/div>\n\t\t\t\t<figcaption class='wp-caption-text gallery-caption' id='gallery-6-19359'>\n\t\t\t\tRaster fas\u00e1dnych dosiek HPL\n\t\t\t\t<\/figcaption><\/figure><figure class='gallery-item'>\n\t\t\t<div class='gallery-icon portrait'>\n\t\t\t\t<a href='https:\/\/marcus.sk\/blog\/prevetravana-fasada-na-objekte-v-dolnom-kubine\/img20250708074055\/'><img loading=\"lazy\" decoding=\"async\" width=\"150\" height=\"150\" src=\"https:\/\/marcus.sk\/blog\/wp-content\/uploads\/2024\/11\/IMG20250708074055-150x150.jpg\" class=\"attachment-thumbnail size-thumbnail\" alt=\"\" data-attachment-id=\"19363\" data-permalink=\"https:\/\/marcus.sk\/blog\/prevetravana-fasada-na-objekte-v-dolnom-kubine\/img20250708074055\/\" data-orig-file=\"https:\/\/marcus.sk\/blog\/wp-content\/uploads\/2024\/11\/IMG20250708074055-scaled.jpg\" data-orig-size=\"1536,2048\" data-comments-opened=\"1\" data-image-meta=\"{&quot;aperture&quot;:&quot;1.7&quot;,&quot;credit&quot;:&quot;&quot;,&quot;camera&quot;:&quot;OPPO Reno5 Z&quot;,&quot;caption&quot;:&quot;&quot;,&quot;created_timestamp&quot;:&quot;1751960455&quot;,&quot;copyright&quot;:&quot;&quot;,&quot;focal_length&quot;:&quot;4.71&quot;,&quot;iso&quot;:&quot;100&quot;,&quot;shutter_speed&quot;:&quot;0.00874&quot;,&quot;title&quot;:&quot;&quot;,&quot;orientation&quot;:&quot;1&quot;}\" data-image-title=\"IMG20250708074055\" data-image-description=\"\" data-image-caption=\"\" data-medium-file=\"https:\/\/marcus.sk\/blog\/wp-content\/uploads\/2024\/11\/IMG20250708074055-225x300.jpg\" data-large-file=\"https:\/\/marcus.sk\/blog\/wp-content\/uploads\/2024\/11\/IMG20250708074055-768x1024.jpg\" \/><\/a>\n\t\t\t<\/div><\/figure><figure class='gallery-item'>\n\t\t\t<div class='gallery-icon landscape'>\n\t\t\t\t<a href='https:\/\/marcus.sk\/blog\/prevetravana-fasada-na-objekte-v-dolnom-kubine\/img20250708074009\/'><img loading=\"lazy\" decoding=\"async\" width=\"150\" height=\"150\" src=\"https:\/\/marcus.sk\/blog\/wp-content\/uploads\/2024\/11\/IMG20250708074009-150x150.jpg\" class=\"attachment-thumbnail size-thumbnail\" alt=\"\" aria-describedby=\"gallery-6-19367\" data-attachment-id=\"19367\" data-permalink=\"https:\/\/marcus.sk\/blog\/prevetravana-fasada-na-objekte-v-dolnom-kubine\/img20250708074009\/\" data-orig-file=\"https:\/\/marcus.sk\/blog\/wp-content\/uploads\/2024\/11\/IMG20250708074009-scaled.jpg\" data-orig-size=\"2048,1536\" data-comments-opened=\"1\" data-image-meta=\"{&quot;aperture&quot;:&quot;1.7&quot;,&quot;credit&quot;:&quot;&quot;,&quot;camera&quot;:&quot;OPPO Reno5 Z&quot;,&quot;caption&quot;:&quot;&quot;,&quot;created_timestamp&quot;:&quot;1751960409&quot;,&quot;copyright&quot;:&quot;&quot;,&quot;focal_length&quot;:&quot;4.71&quot;,&quot;iso&quot;:&quot;220&quot;,&quot;shutter_speed&quot;:&quot;0.010002&quot;,&quot;title&quot;:&quot;&quot;,&quot;orientation&quot;:&quot;1&quot;}\" data-image-title=\"IMG20250708074009\" data-image-description=\"\" data-image-caption=\"&lt;p&gt;Detail pri sokli&lt;\/p&gt;\n\" data-medium-file=\"https:\/\/marcus.sk\/blog\/wp-content\/uploads\/2024\/11\/IMG20250708074009-300x225.jpg\" data-large-file=\"https:\/\/marcus.sk\/blog\/wp-content\/uploads\/2024\/11\/IMG20250708074009-1024x768.jpg\" \/><\/a>\n\t\t\t<\/div>\n\t\t\t\t<figcaption class='wp-caption-text gallery-caption' id='gallery-6-19367'>\n\t\t\t\tDetail pri sokli\n\t\t\t\t<\/figcaption><\/figure><figure class='gallery-item'>\n\t\t\t<div class='gallery-icon landscape'>\n\t\t\t\t<a href='https:\/\/marcus.sk\/blog\/prevetravana-fasada-na-objekte-v-dolnom-kubine\/img20250708073939\/'><img loading=\"lazy\" decoding=\"async\" width=\"150\" height=\"150\" src=\"https:\/\/marcus.sk\/blog\/wp-content\/uploads\/2024\/11\/IMG20250708073939-150x150.jpg\" class=\"attachment-thumbnail size-thumbnail\" alt=\"\" aria-describedby=\"gallery-6-19371\" data-attachment-id=\"19371\" data-permalink=\"https:\/\/marcus.sk\/blog\/prevetravana-fasada-na-objekte-v-dolnom-kubine\/img20250708073939\/\" data-orig-file=\"https:\/\/marcus.sk\/blog\/wp-content\/uploads\/2024\/11\/IMG20250708073939-scaled.jpg\" data-orig-size=\"2048,1536\" data-comments-opened=\"1\" data-image-meta=\"{&quot;aperture&quot;:&quot;1.7&quot;,&quot;credit&quot;:&quot;&quot;,&quot;camera&quot;:&quot;OPPO Reno5 Z&quot;,&quot;caption&quot;:&quot;&quot;,&quot;created_timestamp&quot;:&quot;1751960379&quot;,&quot;copyright&quot;:&quot;&quot;,&quot;focal_length&quot;:&quot;4.71&quot;,&quot;iso&quot;:&quot;229&quot;,&quot;shutter_speed&quot;:&quot;0.010002&quot;,&quot;title&quot;:&quot;&quot;,&quot;orientation&quot;:&quot;1&quot;}\" data-image-title=\"IMG20250708073939\" data-image-description=\"\" data-image-caption=\"&lt;p&gt;Sokel&lt;\/p&gt;\n\" data-medium-file=\"https:\/\/marcus.sk\/blog\/wp-content\/uploads\/2024\/11\/IMG20250708073939-300x225.jpg\" data-large-file=\"https:\/\/marcus.sk\/blog\/wp-content\/uploads\/2024\/11\/IMG20250708073939-1024x768.jpg\" \/><\/a>\n\t\t\t<\/div>\n\t\t\t\t<figcaption class='wp-caption-text gallery-caption' id='gallery-6-19371'>\n\t\t\t\tSokel\n\t\t\t\t<\/figcaption><\/figure><figure class='gallery-item'>\n\t\t\t<div class='gallery-icon landscape'>\n\t\t\t\t<a href='https:\/\/marcus.sk\/blog\/prevetravana-fasada-na-objekte-v-dolnom-kubine\/img20250708073934\/'><img loading=\"lazy\" decoding=\"async\" width=\"150\" height=\"150\" src=\"https:\/\/marcus.sk\/blog\/wp-content\/uploads\/2024\/11\/IMG20250708073934-150x150.jpg\" class=\"attachment-thumbnail size-thumbnail\" alt=\"\" aria-describedby=\"gallery-6-19375\" data-attachment-id=\"19375\" data-permalink=\"https:\/\/marcus.sk\/blog\/prevetravana-fasada-na-objekte-v-dolnom-kubine\/img20250708073934\/\" data-orig-file=\"https:\/\/marcus.sk\/blog\/wp-content\/uploads\/2024\/11\/IMG20250708073934-scaled.jpg\" data-orig-size=\"2048,1536\" data-comments-opened=\"1\" data-image-meta=\"{&quot;aperture&quot;:&quot;1.7&quot;,&quot;credit&quot;:&quot;&quot;,&quot;camera&quot;:&quot;OPPO Reno5 Z&quot;,&quot;caption&quot;:&quot;&quot;,&quot;created_timestamp&quot;:&quot;1751960374&quot;,&quot;copyright&quot;:&quot;&quot;,&quot;focal_length&quot;:&quot;4.71&quot;,&quot;iso&quot;:&quot;251&quot;,&quot;shutter_speed&quot;:&quot;0.010002&quot;,&quot;title&quot;:&quot;&quot;,&quot;orientation&quot;:&quot;1&quot;}\" data-image-title=\"IMG20250708073934\" data-image-description=\"\" data-image-caption=\"&lt;p&gt;Sokel&lt;\/p&gt;\n\" data-medium-file=\"https:\/\/marcus.sk\/blog\/wp-content\/uploads\/2024\/11\/IMG20250708073934-300x225.jpg\" data-large-file=\"https:\/\/marcus.sk\/blog\/wp-content\/uploads\/2024\/11\/IMG20250708073934-1024x768.jpg\" \/><\/a>\n\t\t\t<\/div>\n\t\t\t\t<figcaption class='wp-caption-text gallery-caption' id='gallery-6-19375'>\n\t\t\t\tSokel\n\t\t\t\t<\/figcaption><\/figure>\n\t\t<\/div>\n\n<h2>Video<\/h2>\n<p>Svoje reakcie m\u00f4\u017eete zanecha\u0165 aj v na\u0161om youtube kan\u00e1li<\/p>\n<p><iframe loading=\"lazy\" title=\"Pozri in\u0161pir\u00e1cie a naj\u010dastej\u0161ie chyby v na\u0161ej bro\u017e\u00farke. Potrebuje\u0161 poradi\u0165 - nap\u00ed\u0161 alebo zavolaj.\" width=\"563\" height=\"1000\" src=\"https:\/\/www.youtube.com\/embed\/L4lB8agSBxg?feature=oembed\" frameborder=\"0\" allow=\"accelerometer; autoplay; clipboard-write; encrypted-media; gyroscope; picture-in-picture; web-share\" referrerpolicy=\"strict-origin-when-cross-origin\" allowfullscreen><\/iframe><\/p>\n<p>Svoje reakcie m\u00f4\u017eete zanecha\u0165 aj v na\u0161om youtube kan\u00e1li<\/p>\n<h2>M\u00e1te ot\u00e1zky?<\/h2>\n<p>Budem r\u00e1d, ke\u010f mi nap\u00ed\u0161te aj v\u00e1\u0161 n\u00e1zor na \u010dl\u00e1nok . Budem r\u00e1d, ak mi po\u0161lete aj va\u0161u referenciu prevetr\u00e1vanej fas\u00e1dy.<\/p>\n<p>&nbsp;<\/p>\n<p>&nbsp;<\/p>\n","protected":false},"excerpt":{"rendered":"<p>Prevetr\u00e1van\u00e1 fas\u00e1da na objekte v Dolnom Kub\u00edne Ve\u013emi sa pote\u0161\u00edm, ke\u010f mojom okol\u00ed vznikaj\u00fa zaujmav\u00e9 objekty. Jend\u00fdm z nich je B\u00fdvanie v uli\u010dke, ktor\u00e9 sa realizovalo v Dolnom Kub\u00edne v &hellip; <\/p>\n","protected":false},"author":1,"featured_media":23682,"comment_status":"open","ping_status":"open","sticky":false,"template":"","format":"standard","meta":{"_jetpack_memberships_contains_paid_content":false,"footnotes":""},"categories":[24],"tags":[117],"class_list":["post-17181","post","type-post","status-publish","format-standard","has-post-thumbnail","hentry","category-prevetravana-fasada","tag-prevetravana-fasady"],"yoast_head":"<!-- This site is optimized with the Yoast SEO plugin v27.3 - https:\/\/yoast.com\/product\/yoast-seo-wordpress\/ -->\n<title>Prevetr\u00e1van\u00e1 fas\u00e1da na objekte v Dolnom Kub\u00edne - Marcus blog<\/title>\n<meta name=\"description\" content=\"Prevetr\u00e1van\u00e1 fas\u00e1da na objekte v Dolnom Kub\u00edne a potrebne detaily pomocou stavebnych profilov protektor a marek pjencak\" \/>\n<meta name=\"robots\" content=\"index, follow, max-snippet:-1, max-image-preview:large, max-video-preview:-1\" \/>\n<link rel=\"canonical\" href=\"https:\/\/marcus.sk\/blog\/prevetravana-fasada-na-objekte-v-dolnom-kubine\/\" \/>\n<meta property=\"og:locale\" content=\"sk_SK\" \/>\n<meta property=\"og:type\" content=\"article\" \/>\n<meta property=\"og:title\" content=\"Prevetr\u00e1van\u00e1 fas\u00e1da na objekte v Dolnom Kub\u00edne - Marcus blog\" \/>\n<meta property=\"og:description\" content=\"Prevetr\u00e1van\u00e1 fas\u00e1da na objekte v Dolnom Kub\u00edne a potrebne detaily pomocou stavebnych profilov protektor a marek pjencak\" \/>\n<meta property=\"og:url\" content=\"https:\/\/marcus.sk\/blog\/prevetravana-fasada-na-objekte-v-dolnom-kubine\/\" \/>\n<meta property=\"og:site_name\" content=\"Marcus blog\" \/>\n<meta property=\"article:author\" content=\"https:\/\/www.facebook.com\/staviame.dom.marcus.sk\/\" \/>\n<meta property=\"article:published_time\" content=\"2026-04-17T09:14:20+00:00\" \/>\n<meta property=\"og:image\" content=\"https:\/\/marcus.sk\/blog\/wp-content\/uploads\/2025\/07\/byvanie-v-ulicke-sros-prevetravana-fasada-marcus-01.jpg\" \/>\n\t<meta property=\"og:image:width\" content=\"1536\" \/>\n\t<meta property=\"og:image:height\" content=\"1024\" \/>\n\t<meta property=\"og:image:type\" content=\"image\/jpeg\" \/>\n<meta name=\"author\" content=\"Marek Pjen\u010dak\" \/>\n<meta name=\"twitter:card\" content=\"summary_large_image\" \/>\n<meta name=\"twitter:label1\" content=\"Autor\" \/>\n\t<meta name=\"twitter:data1\" content=\"Marek Pjen\u010dak\" \/>\n\t<meta name=\"twitter:label2\" content=\"Predpokladan\u00fd \u010das \u010d\u00edtania\" \/>\n\t<meta name=\"twitter:data2\" content=\"2 min\u00faty\" \/>\n<script type=\"application\/ld+json\" class=\"yoast-schema-graph\">{\"@context\":\"https:\\\/\\\/schema.org\",\"@graph\":[{\"@type\":\"Article\",\"@id\":\"https:\\\/\\\/marcus.sk\\\/blog\\\/prevetravana-fasada-na-objekte-v-dolnom-kubine\\\/#article\",\"isPartOf\":{\"@id\":\"https:\\\/\\\/marcus.sk\\\/blog\\\/prevetravana-fasada-na-objekte-v-dolnom-kubine\\\/\"},\"author\":{\"name\":\"Marek Pjen\u010dak\",\"@id\":\"https:\\\/\\\/marcus.sk\\\/blog\\\/#\\\/schema\\\/person\\\/d3642aca8e2d47ac4f660a56cecd487f\"},\"headline\":\"Prevetr\u00e1van\u00e1 fas\u00e1da na objekte v Dolnom Kub\u00edne\",\"datePublished\":\"2026-04-17T09:14:20+00:00\",\"mainEntityOfPage\":{\"@id\":\"https:\\\/\\\/marcus.sk\\\/blog\\\/prevetravana-fasada-na-objekte-v-dolnom-kubine\\\/\"},\"wordCount\":384,\"commentCount\":0,\"publisher\":{\"@id\":\"https:\\\/\\\/marcus.sk\\\/blog\\\/#organization\"},\"image\":{\"@id\":\"https:\\\/\\\/marcus.sk\\\/blog\\\/prevetravana-fasada-na-objekte-v-dolnom-kubine\\\/#primaryimage\"},\"thumbnailUrl\":\"https:\\\/\\\/marcus.sk\\\/blog\\\/wp-content\\\/uploads\\\/2025\\\/07\\\/byvanie-v-ulicke-sros-prevetravana-fasada-marcus-01.jpg\",\"keywords\":[\"prevetr\u00e1van\u00e1 fas\u00e1dy\"],\"articleSection\":[\"Prevetr\u00e1van\u00e1 fas\u00e1da\"],\"inLanguage\":\"sk-SK\",\"potentialAction\":[{\"@type\":\"CommentAction\",\"name\":\"Comment\",\"target\":[\"https:\\\/\\\/marcus.sk\\\/blog\\\/prevetravana-fasada-na-objekte-v-dolnom-kubine\\\/#respond\"]}]},{\"@type\":\"WebPage\",\"@id\":\"https:\\\/\\\/marcus.sk\\\/blog\\\/prevetravana-fasada-na-objekte-v-dolnom-kubine\\\/\",\"url\":\"https:\\\/\\\/marcus.sk\\\/blog\\\/prevetravana-fasada-na-objekte-v-dolnom-kubine\\\/\",\"name\":\"Prevetr\u00e1van\u00e1 fas\u00e1da na objekte v Dolnom Kub\u00edne - Marcus blog\",\"isPartOf\":{\"@id\":\"https:\\\/\\\/marcus.sk\\\/blog\\\/#website\"},\"primaryImageOfPage\":{\"@id\":\"https:\\\/\\\/marcus.sk\\\/blog\\\/prevetravana-fasada-na-objekte-v-dolnom-kubine\\\/#primaryimage\"},\"image\":{\"@id\":\"https:\\\/\\\/marcus.sk\\\/blog\\\/prevetravana-fasada-na-objekte-v-dolnom-kubine\\\/#primaryimage\"},\"thumbnailUrl\":\"https:\\\/\\\/marcus.sk\\\/blog\\\/wp-content\\\/uploads\\\/2025\\\/07\\\/byvanie-v-ulicke-sros-prevetravana-fasada-marcus-01.jpg\",\"datePublished\":\"2026-04-17T09:14:20+00:00\",\"description\":\"Prevetr\u00e1van\u00e1 fas\u00e1da na objekte v Dolnom Kub\u00edne a potrebne detaily pomocou stavebnych profilov protektor a marek pjencak\",\"breadcrumb\":{\"@id\":\"https:\\\/\\\/marcus.sk\\\/blog\\\/prevetravana-fasada-na-objekte-v-dolnom-kubine\\\/#breadcrumb\"},\"inLanguage\":\"sk-SK\",\"potentialAction\":[{\"@type\":\"ReadAction\",\"target\":[\"https:\\\/\\\/marcus.sk\\\/blog\\\/prevetravana-fasada-na-objekte-v-dolnom-kubine\\\/\"]}]},{\"@type\":\"ImageObject\",\"inLanguage\":\"sk-SK\",\"@id\":\"https:\\\/\\\/marcus.sk\\\/blog\\\/prevetravana-fasada-na-objekte-v-dolnom-kubine\\\/#primaryimage\",\"url\":\"https:\\\/\\\/marcus.sk\\\/blog\\\/wp-content\\\/uploads\\\/2025\\\/07\\\/byvanie-v-ulicke-sros-prevetravana-fasada-marcus-01.jpg\",\"contentUrl\":\"https:\\\/\\\/marcus.sk\\\/blog\\\/wp-content\\\/uploads\\\/2025\\\/07\\\/byvanie-v-ulicke-sros-prevetravana-fasada-marcus-01.jpg\",\"width\":1536,\"height\":1024,\"caption\":\"Byvanie v ulicke realizacia sros dolny kubn\"},{\"@type\":\"BreadcrumbList\",\"@id\":\"https:\\\/\\\/marcus.sk\\\/blog\\\/prevetravana-fasada-na-objekte-v-dolnom-kubine\\\/#breadcrumb\",\"itemListElement\":[{\"@type\":\"ListItem\",\"position\":1,\"name\":\"Home\",\"item\":\"https:\\\/\\\/marcus.sk\\\/blog\\\/\"},{\"@type\":\"ListItem\",\"position\":2,\"name\":\"Prevetr\u00e1van\u00e1 fas\u00e1da na objekte v Dolnom Kub\u00edne\"}]},{\"@type\":\"WebSite\",\"@id\":\"https:\\\/\\\/marcus.sk\\\/blog\\\/#website\",\"url\":\"https:\\\/\\\/marcus.sk\\\/blog\\\/\",\"name\":\"Marcus blog\",\"description\":\"Stavebn\u00e9 profily, n\u00e1radie, izol\u00e1cie\",\"publisher\":{\"@id\":\"https:\\\/\\\/marcus.sk\\\/blog\\\/#organization\"},\"potentialAction\":[{\"@type\":\"SearchAction\",\"target\":{\"@type\":\"EntryPoint\",\"urlTemplate\":\"https:\\\/\\\/marcus.sk\\\/blog\\\/?s={search_term_string}\"},\"query-input\":{\"@type\":\"PropertyValueSpecification\",\"valueRequired\":true,\"valueName\":\"search_term_string\"}}],\"inLanguage\":\"sk-SK\"},{\"@type\":\"Organization\",\"@id\":\"https:\\\/\\\/marcus.sk\\\/blog\\\/#organization\",\"name\":\"Marcus blog\",\"url\":\"https:\\\/\\\/marcus.sk\\\/blog\\\/\",\"logo\":{\"@type\":\"ImageObject\",\"inLanguage\":\"sk-SK\",\"@id\":\"https:\\\/\\\/marcus.sk\\\/blog\\\/#\\\/schema\\\/logo\\\/image\\\/\",\"url\":\"https:\\\/\\\/marcus.sk\\\/blog\\\/wp-content\\\/uploads\\\/2019\\\/02\\\/marcussk-logo-1550231210.jpg\",\"contentUrl\":\"https:\\\/\\\/marcus.sk\\\/blog\\\/wp-content\\\/uploads\\\/2019\\\/02\\\/marcussk-logo-1550231210.jpg\",\"width\":508,\"height\":149,\"caption\":\"Marcus blog\"},\"image\":{\"@id\":\"https:\\\/\\\/marcus.sk\\\/blog\\\/#\\\/schema\\\/logo\\\/image\\\/\"}},{\"@type\":\"Person\",\"@id\":\"https:\\\/\\\/marcus.sk\\\/blog\\\/#\\\/schema\\\/person\\\/d3642aca8e2d47ac4f660a56cecd487f\",\"name\":\"Marek Pjen\u010dak\",\"image\":{\"@type\":\"ImageObject\",\"inLanguage\":\"sk-SK\",\"@id\":\"https:\\\/\\\/secure.gravatar.com\\\/avatar\\\/db9f440173ba20b9cbb919e01d2b06a5fb315e86b43daa7849de27c190ebea42?s=96&d=mm&r=g\",\"url\":\"https:\\\/\\\/secure.gravatar.com\\\/avatar\\\/db9f440173ba20b9cbb919e01d2b06a5fb315e86b43daa7849de27c190ebea42?s=96&d=mm&r=g\",\"contentUrl\":\"https:\\\/\\\/secure.gravatar.com\\\/avatar\\\/db9f440173ba20b9cbb919e01d2b06a5fb315e86b43daa7849de27c190ebea42?s=96&d=mm&r=g\",\"caption\":\"Marek Pjen\u010dak\"},\"sameAs\":[\"http:\\\/\\\/www.marcus.sk\",\"https:\\\/\\\/www.facebook.com\\\/staviame.dom.marcus.sk\\\/\"],\"url\":\"https:\\\/\\\/marcus.sk\\\/blog\\\/author\\\/volf\\\/\"}]}<\/script>\n<!-- \/ Yoast SEO plugin. -->","yoast_head_json":{"title":"Prevetr\u00e1van\u00e1 fas\u00e1da na objekte v Dolnom Kub\u00edne - Marcus blog","description":"Prevetr\u00e1van\u00e1 fas\u00e1da na objekte v Dolnom Kub\u00edne a potrebne detaily pomocou stavebnych profilov protektor a marek pjencak","robots":{"index":"index","follow":"follow","max-snippet":"max-snippet:-1","max-image-preview":"max-image-preview:large","max-video-preview":"max-video-preview:-1"},"canonical":"https:\/\/marcus.sk\/blog\/prevetravana-fasada-na-objekte-v-dolnom-kubine\/","og_locale":"sk_SK","og_type":"article","og_title":"Prevetr\u00e1van\u00e1 fas\u00e1da na objekte v Dolnom Kub\u00edne - Marcus blog","og_description":"Prevetr\u00e1van\u00e1 fas\u00e1da na objekte v Dolnom Kub\u00edne a potrebne detaily pomocou stavebnych profilov protektor a marek pjencak","og_url":"https:\/\/marcus.sk\/blog\/prevetravana-fasada-na-objekte-v-dolnom-kubine\/","og_site_name":"Marcus blog","article_author":"https:\/\/www.facebook.com\/staviame.dom.marcus.sk\/","article_published_time":"2026-04-17T09:14:20+00:00","og_image":[{"width":1536,"height":1024,"url":"https:\/\/marcus.sk\/blog\/wp-content\/uploads\/2025\/07\/byvanie-v-ulicke-sros-prevetravana-fasada-marcus-01.jpg","type":"image\/jpeg"}],"author":"Marek Pjen\u010dak","twitter_card":"summary_large_image","twitter_misc":{"Autor":"Marek Pjen\u010dak","Predpokladan\u00fd \u010das \u010d\u00edtania":"2 min\u00faty"},"schema":{"@context":"https:\/\/schema.org","@graph":[{"@type":"Article","@id":"https:\/\/marcus.sk\/blog\/prevetravana-fasada-na-objekte-v-dolnom-kubine\/#article","isPartOf":{"@id":"https:\/\/marcus.sk\/blog\/prevetravana-fasada-na-objekte-v-dolnom-kubine\/"},"author":{"name":"Marek Pjen\u010dak","@id":"https:\/\/marcus.sk\/blog\/#\/schema\/person\/d3642aca8e2d47ac4f660a56cecd487f"},"headline":"Prevetr\u00e1van\u00e1 fas\u00e1da na objekte v Dolnom Kub\u00edne","datePublished":"2026-04-17T09:14:20+00:00","mainEntityOfPage":{"@id":"https:\/\/marcus.sk\/blog\/prevetravana-fasada-na-objekte-v-dolnom-kubine\/"},"wordCount":384,"commentCount":0,"publisher":{"@id":"https:\/\/marcus.sk\/blog\/#organization"},"image":{"@id":"https:\/\/marcus.sk\/blog\/prevetravana-fasada-na-objekte-v-dolnom-kubine\/#primaryimage"},"thumbnailUrl":"https:\/\/marcus.sk\/blog\/wp-content\/uploads\/2025\/07\/byvanie-v-ulicke-sros-prevetravana-fasada-marcus-01.jpg","keywords":["prevetr\u00e1van\u00e1 fas\u00e1dy"],"articleSection":["Prevetr\u00e1van\u00e1 fas\u00e1da"],"inLanguage":"sk-SK","potentialAction":[{"@type":"CommentAction","name":"Comment","target":["https:\/\/marcus.sk\/blog\/prevetravana-fasada-na-objekte-v-dolnom-kubine\/#respond"]}]},{"@type":"WebPage","@id":"https:\/\/marcus.sk\/blog\/prevetravana-fasada-na-objekte-v-dolnom-kubine\/","url":"https:\/\/marcus.sk\/blog\/prevetravana-fasada-na-objekte-v-dolnom-kubine\/","name":"Prevetr\u00e1van\u00e1 fas\u00e1da na objekte v Dolnom Kub\u00edne - Marcus blog","isPartOf":{"@id":"https:\/\/marcus.sk\/blog\/#website"},"primaryImageOfPage":{"@id":"https:\/\/marcus.sk\/blog\/prevetravana-fasada-na-objekte-v-dolnom-kubine\/#primaryimage"},"image":{"@id":"https:\/\/marcus.sk\/blog\/prevetravana-fasada-na-objekte-v-dolnom-kubine\/#primaryimage"},"thumbnailUrl":"https:\/\/marcus.sk\/blog\/wp-content\/uploads\/2025\/07\/byvanie-v-ulicke-sros-prevetravana-fasada-marcus-01.jpg","datePublished":"2026-04-17T09:14:20+00:00","description":"Prevetr\u00e1van\u00e1 fas\u00e1da na objekte v Dolnom Kub\u00edne a potrebne detaily pomocou stavebnych profilov protektor a marek pjencak","breadcrumb":{"@id":"https:\/\/marcus.sk\/blog\/prevetravana-fasada-na-objekte-v-dolnom-kubine\/#breadcrumb"},"inLanguage":"sk-SK","potentialAction":[{"@type":"ReadAction","target":["https:\/\/marcus.sk\/blog\/prevetravana-fasada-na-objekte-v-dolnom-kubine\/"]}]},{"@type":"ImageObject","inLanguage":"sk-SK","@id":"https:\/\/marcus.sk\/blog\/prevetravana-fasada-na-objekte-v-dolnom-kubine\/#primaryimage","url":"https:\/\/marcus.sk\/blog\/wp-content\/uploads\/2025\/07\/byvanie-v-ulicke-sros-prevetravana-fasada-marcus-01.jpg","contentUrl":"https:\/\/marcus.sk\/blog\/wp-content\/uploads\/2025\/07\/byvanie-v-ulicke-sros-prevetravana-fasada-marcus-01.jpg","width":1536,"height":1024,"caption":"Byvanie v ulicke realizacia sros dolny kubn"},{"@type":"BreadcrumbList","@id":"https:\/\/marcus.sk\/blog\/prevetravana-fasada-na-objekte-v-dolnom-kubine\/#breadcrumb","itemListElement":[{"@type":"ListItem","position":1,"name":"Home","item":"https:\/\/marcus.sk\/blog\/"},{"@type":"ListItem","position":2,"name":"Prevetr\u00e1van\u00e1 fas\u00e1da na objekte v Dolnom Kub\u00edne"}]},{"@type":"WebSite","@id":"https:\/\/marcus.sk\/blog\/#website","url":"https:\/\/marcus.sk\/blog\/","name":"Marcus blog","description":"Stavebn\u00e9 profily, n\u00e1radie, izol\u00e1cie","publisher":{"@id":"https:\/\/marcus.sk\/blog\/#organization"},"potentialAction":[{"@type":"SearchAction","target":{"@type":"EntryPoint","urlTemplate":"https:\/\/marcus.sk\/blog\/?s={search_term_string}"},"query-input":{"@type":"PropertyValueSpecification","valueRequired":true,"valueName":"search_term_string"}}],"inLanguage":"sk-SK"},{"@type":"Organization","@id":"https:\/\/marcus.sk\/blog\/#organization","name":"Marcus blog","url":"https:\/\/marcus.sk\/blog\/","logo":{"@type":"ImageObject","inLanguage":"sk-SK","@id":"https:\/\/marcus.sk\/blog\/#\/schema\/logo\/image\/","url":"https:\/\/marcus.sk\/blog\/wp-content\/uploads\/2019\/02\/marcussk-logo-1550231210.jpg","contentUrl":"https:\/\/marcus.sk\/blog\/wp-content\/uploads\/2019\/02\/marcussk-logo-1550231210.jpg","width":508,"height":149,"caption":"Marcus blog"},"image":{"@id":"https:\/\/marcus.sk\/blog\/#\/schema\/logo\/image\/"}},{"@type":"Person","@id":"https:\/\/marcus.sk\/blog\/#\/schema\/person\/d3642aca8e2d47ac4f660a56cecd487f","name":"Marek Pjen\u010dak","image":{"@type":"ImageObject","inLanguage":"sk-SK","@id":"https:\/\/secure.gravatar.com\/avatar\/db9f440173ba20b9cbb919e01d2b06a5fb315e86b43daa7849de27c190ebea42?s=96&d=mm&r=g","url":"https:\/\/secure.gravatar.com\/avatar\/db9f440173ba20b9cbb919e01d2b06a5fb315e86b43daa7849de27c190ebea42?s=96&d=mm&r=g","contentUrl":"https:\/\/secure.gravatar.com\/avatar\/db9f440173ba20b9cbb919e01d2b06a5fb315e86b43daa7849de27c190ebea42?s=96&d=mm&r=g","caption":"Marek Pjen\u010dak"},"sameAs":["http:\/\/www.marcus.sk","https:\/\/www.facebook.com\/staviame.dom.marcus.sk\/"],"url":"https:\/\/marcus.sk\/blog\/author\/volf\/"}]}},"jetpack_featured_media_url":"https:\/\/marcus.sk\/blog\/wp-content\/uploads\/2025\/07\/byvanie-v-ulicke-sros-prevetravana-fasada-marcus-01.jpg","jetpack_sharing_enabled":true,"_links":{"self":[{"href":"https:\/\/marcus.sk\/blog\/wp-json\/wp\/v2\/posts\/17181","targetHints":{"allow":["GET"]}}],"collection":[{"href":"https:\/\/marcus.sk\/blog\/wp-json\/wp\/v2\/posts"}],"about":[{"href":"https:\/\/marcus.sk\/blog\/wp-json\/wp\/v2\/types\/post"}],"author":[{"embeddable":true,"href":"https:\/\/marcus.sk\/blog\/wp-json\/wp\/v2\/users\/1"}],"replies":[{"embeddable":true,"href":"https:\/\/marcus.sk\/blog\/wp-json\/wp\/v2\/comments?post=17181"}],"version-history":[{"count":5,"href":"https:\/\/marcus.sk\/blog\/wp-json\/wp\/v2\/posts\/17181\/revisions"}],"predecessor-version":[{"id":23772,"href":"https:\/\/marcus.sk\/blog\/wp-json\/wp\/v2\/posts\/17181\/revisions\/23772"}],"wp:featuredmedia":[{"embeddable":true,"href":"https:\/\/marcus.sk\/blog\/wp-json\/wp\/v2\/media\/23682"}],"wp:attachment":[{"href":"https:\/\/marcus.sk\/blog\/wp-json\/wp\/v2\/media?parent=17181"}],"wp:term":[{"taxonomy":"category","embeddable":true,"href":"https:\/\/marcus.sk\/blog\/wp-json\/wp\/v2\/categories?post=17181"},{"taxonomy":"post_tag","embeddable":true,"href":"https:\/\/marcus.sk\/blog\/wp-json\/wp\/v2\/tags?post=17181"}],"curies":[{"name":"wp","href":"https:\/\/api.w.org\/{rel}","templated":true}]}}