{"id":18579,"date":"2026-01-14T06:10:08","date_gmt":"2026-01-14T05:10:08","guid":{"rendered":"https:\/\/marcus.sk\/blog\/?p=18579"},"modified":"2026-01-11T11:13:42","modified_gmt":"2026-01-11T10:13:42","slug":"dizajnove-a-akusticke-steny-marcus","status":"publish","type":"post","link":"https:\/\/marcus.sk\/blog\/dizajnove-a-akusticke-steny-marcus\/","title":{"rendered":"Dizajnov\u00e9 a akustick\u00e9 steny MARCUS"},"content":{"rendered":"<h2>Pre\u010do pou\u017ei\u0165 interi\u00e9rov\u00e9 dizajnov\u00e9 prvky zo sadrokart\u00f3nu?<\/h2>\n<p>Ak ste investor alebo mlad\u00fd \u010dlovek, ktor\u00fd si chce k\u00fapi\u0165 alebo upravi\u0165 svoj byt pod\u013ea nov\u00fdch trendov, pr\u00e1ve tento \u010dl\u00e1nok V\u00e1m pom\u00f4\u017ee zorientova\u0165 sa v tejto problematike. V na\u0161ej zemepisnej \u0161\u00edrke je sadrokart\u00f3n st\u00e1le pova\u017eovan\u00fd za menej ob\u013e\u00faben\u00fd materi\u00e1l a rad\u0161ej inklinujeme tradi\u010dn\u00fdm omietkam a drah\u00fdm dizajnov\u00fdm stol\u00e1rskym prvkom. Pr\u00e1ve tu vysvetl\u00edm, pre\u010do pr\u00e1ve mlad\u00fdch \u013eud\u00ed m\u00f4\u017ee oslovi\u0165 tento \u010dl\u00e1nok. Hlavnou t\u00e9mou, ktor\u00e1 ich m\u00f4\u017ee zauja\u0165 je \u00faspora. \u00daspora pe\u0148az\u00ed a to vo viacer\u00fdch rovin\u00e1ch. Na jednej strane m\u00f4\u017eete pou\u017ei\u0165 cenovo dostupn\u00fd materi\u00e1l, vytvori\u0165 si zauj\u00edmav\u00fd dizajnov\u00fd prvok, vytvori\u0165 modern\u00fd interi\u00e9r a to cel\u00e9 m\u00f4\u017eete realizova\u0165 svojpomocne.<\/p>\n<p>Zd\u00e1 sa V\u00e1m to ako science-fiction? Ak \u00e1no, tak \u010d\u00edtajte \u010falej.<\/p>\n<h2>Ak\u00e9 dizajnov\u00e9 prvky?<\/h2>\n<p>Ako som u\u017e spom\u00ednal, sadrokart\u00f3n je z poh\u013eadu kreativity, ve\u013emi vhodn\u00fd materi\u00e1l na realiz\u00e1ciu v interi\u00e9ri aj pre menej zru\u010dn\u00fdch remeseln\u00edkov, majstrov. Nie\u017eeby na realiz\u00e1ciu nebola potrebn\u00e1 nejak\u00e1 kvalifik\u00e1cia, to v\u00f4bec, ale s\u00e1m remeseln\u00edk si m\u00f4\u017ee vytv\u00e1ra\u0165 priestor a prvky jednoducho bez nejak\u00e9 n\u00e1ro\u010dn\u00e9ho procesu objedn\u00e1vania materi\u00e1lu a n\u00e1slednej mont\u00e1\u017ee. M\u00f4\u017eete si vytv\u00e1ra\u0165 r\u00f4zne police, sveteln\u00e9 rampy podporuj\u00face zauj\u00edmav\u00e9 sveteln\u00e9 efekty, dekora\u010dn\u00e9 polyg\u00f3nov\u00e9 tvary pr\u00edpadne gal\u00e9riov\u00e9 syst\u00e9my zavesenia obrazov. T\u00fdch mo\u017enost\u00ed je tu nekone\u010dne ve\u013ea, z\u00e1vis\u00ed len od va\u0161ich po\u017eiadaviek, fant\u00e1zie a koniec koncov aj financi\u00ed.<\/p>\n<p>Nazna\u010d\u00edm teda, ktor\u00e9 dizajnov\u00e9 pvky m\u00f4\u017eete v interi\u00e9ri pou\u017e\u00edva\u0165 a n\u00e1sledne pop\u00ed\u0161eme ich technick\u00e9 n\u00e1le\u017eitosti, aby ste mali predstavu, ako n\u00e1ro\u010dn\u00e9 je s t\u00fdmito prvkami pracova\u0165.<\/p>\n<ol>\n<li><strong>Sveteln\u00e9 prvky<\/strong><\/li>\n<\/ol>\n<ul>\n<li style=\"list-style-type: none;\">\n<ul>\n<li>sveteln\u00e9 rampy,\u00a0osvetlen\u00e9 tie\u0148ov\u00e9 \u0161p\u00e1ry, osvetlen\u00e9 dizajnov\u00e9 dekora\u010dn\u00e9 prvky,<\/li>\n<\/ul>\n<\/li>\n<\/ul>\n<p style=\"padding-left: 40px;\"><strong>2. Predsaden\u00e9 dekora\u010dn\u00e9 steny<\/strong><\/p>\n<p style=\"padding-left: 40px;\"><strong>3. Obl\u00fakov\u00e9 steny alebo klenby<\/strong><\/p>\n<p style=\"padding-left: 40px;\"><strong>4. Dizajnov\u00e9 dekora\u010dn\u00e9 prvky<\/strong><\/p>\n<p style=\"padding-left: 40px;\"><strong>5. Zaoblen\u00e9 hrany ostenia a vonkaj\u0161\u00edch rohov stien<\/strong><\/p>\n<p style=\"padding-left: 40px;\"><strong>6. Zapusten\u00e9 prvky n\u00e1bytku a pr\u00edslu\u0161enstva<\/strong><\/p>\n<ul>\n<li style=\"list-style-type: none;\">\n<ul>\n<li>skryt\u00e9 garni\u017ee, skryt\u00e9 z\u00e1rubne,\u00a0sveteln\u00e9 rampy,\u00a0kni\u017enice,\u00a0v\u00fdklenky,\u00a03d steny,\u00a0TV steny, zariadenie k\u00fapelne<\/li>\n<\/ul>\n<\/li>\n<\/ul>\n<p>&nbsp;<\/p>\n<p>Pozrieme sa podrobnej\u0161ie na technick\u00e9 po\u017eiadavky a ako je mo\u017en\u00e9 jednotliv\u00e9 prvky navrhn\u00fa\u0165 a n\u00e1sledne aj zabudova\u0165.Sp\u00f4sob realiz\u00e1cie nech\u00e1m na v\u00e1s, no r\u00e1d by som v\u00e1s aj povzbudil v tom, \u017ee nemus\u00edte sa ob\u00e1va\u0165, lebo\u00a0 uveden\u00e9 prvky\u00a0 je mo\u017en\u00e9 zabudova\u0165 aj svojpomocne.<\/p>\n<h3 style=\"padding-left: 40px;\">Zapusten\u00e9 prvky n\u00e1bytku a pr\u00edslu\u0161enstva<\/h3>\n<ul>\n<li style=\"list-style-type: none;\">\n<ul>\n<li>skryt\u00e9 garni\u017ee, skryt\u00e9 z\u00e1rubne,\u00a0sveteln\u00e9 rampy,\u00a0kni\u017enice,\u00a0v\u00fdklenky,\u00a03d steny,\u00a0TV steny, zariadenie k\u00fapelne<\/li>\n<\/ul>\n<\/li>\n<\/ul>\n<p>Prvky s\u00fa vyroben\u00e9 z <a href=\"https:\/\/www.marcus.sk\/sk\/konstrukcne-profily-pre-sadrokarton\/1357-pevna-priponka-pre-cd-profil-60-4012560026068.html\">CD<\/a> profilov pomocou PVC spojek. Tie m\u00f4\u017eete, ale nemus\u00edte pou\u017ei\u0165. D\u00f4le\u017eit\u00e1 je va\u0161a predstava a tvar prvku, ktor\u00fd chcete zabudova\u0165.<\/p>\n<div data-carousel-extra='{&quot;blog_id&quot;:1,&quot;permalink&quot;:&quot;https:\/\/marcus.sk\/blog\/dizajnove-a-akusticke-steny-marcus\/&quot;}' id='gallery-1' class='gallery galleryid-18579 gallery-columns-2 gallery-size-medium'><figure class='gallery-item'>\n\t\t\t<div class='gallery-icon landscape'>\n\t\t\t\t<a href='https:\/\/marcus.sk\/blog\/dizajnove-a-akusticke-steny-marcus\/kit-niche-simple-kinook\/'><img loading=\"lazy\" decoding=\"async\" width=\"300\" height=\"300\" src=\"https:\/\/marcus.sk\/blog\/wp-content\/uploads\/2026\/01\/Kit-niche-simple-KINOOK-300x300.jpg\" class=\"attachment-medium size-medium\" alt=\"Krabicov\u00fd prvok v stene\" aria-describedby=\"gallery-1-21329\" srcset=\"https:\/\/marcus.sk\/blog\/wp-content\/uploads\/2026\/01\/Kit-niche-simple-KINOOK-300x300.jpg 300w, https:\/\/marcus.sk\/blog\/wp-content\/uploads\/2026\/01\/Kit-niche-simple-KINOOK-150x150.jpg 150w, https:\/\/marcus.sk\/blog\/wp-content\/uploads\/2026\/01\/Kit-niche-simple-KINOOK.jpg 768w\" sizes=\"auto, (max-width: 300px) 100vw, 300px\" data-attachment-id=\"21329\" data-permalink=\"https:\/\/marcus.sk\/blog\/dizajnove-a-akusticke-steny-marcus\/kit-niche-simple-kinook\/\" data-orig-file=\"https:\/\/marcus.sk\/blog\/wp-content\/uploads\/2026\/01\/Kit-niche-simple-KINOOK.jpg\" data-orig-size=\"768,768\" data-comments-opened=\"1\" data-image-meta=\"{&quot;aperture&quot;:&quot;0&quot;,&quot;credit&quot;:&quot;&quot;,&quot;camera&quot;:&quot;&quot;,&quot;caption&quot;:&quot;&quot;,&quot;created_timestamp&quot;:&quot;0&quot;,&quot;copyright&quot;:&quot;&quot;,&quot;focal_length&quot;:&quot;0&quot;,&quot;iso&quot;:&quot;0&quot;,&quot;shutter_speed&quot;:&quot;0&quot;,&quot;title&quot;:&quot;&quot;,&quot;orientation&quot;:&quot;0&quot;}\" data-image-title=\"Krabicov\u00fd prvok v stene\" data-image-description=\"&lt;p&gt;Krabicov\u00fd prvok v stene&lt;\/p&gt;\n\" data-image-caption=\"&lt;p&gt;Krabicov\u00fd prvok v stene&lt;\/p&gt;\n\" data-medium-file=\"https:\/\/marcus.sk\/blog\/wp-content\/uploads\/2026\/01\/Kit-niche-simple-KINOOK-300x300.jpg\" data-large-file=\"https:\/\/marcus.sk\/blog\/wp-content\/uploads\/2026\/01\/Kit-niche-simple-KINOOK.jpg\" \/><\/a>\n\t\t\t<\/div>\n\t\t\t\t<figcaption class='wp-caption-text gallery-caption' id='gallery-1-21329'>\n\t\t\t\tKrabicov\u00fd prvok v stene\n\t\t\t\t<\/figcaption><\/figure><figure class='gallery-item'>\n\t\t\t<div class='gallery-icon portrait'>\n\t\t\t\t<a href='https:\/\/marcus.sk\/blog\/dizajnove-a-akusticke-steny-marcus\/kit-4-etageres-placo-apps-onglet\/'><img loading=\"lazy\" decoding=\"async\" width=\"249\" height=\"300\" src=\"https:\/\/marcus.sk\/blog\/wp-content\/uploads\/2026\/01\/kit-4-etageres-placo-apps-onglet-249x300.jpg\" class=\"attachment-medium size-medium\" alt=\"\" aria-describedby=\"gallery-1-21292\" srcset=\"https:\/\/marcus.sk\/blog\/wp-content\/uploads\/2026\/01\/kit-4-etageres-placo-apps-onglet-249x300.jpg 249w, https:\/\/marcus.sk\/blog\/wp-content\/uploads\/2026\/01\/kit-4-etageres-placo-apps-onglet.jpg 300w\" sizes=\"auto, (max-width: 249px) 100vw, 249px\" data-attachment-id=\"21292\" data-permalink=\"https:\/\/marcus.sk\/blog\/dizajnove-a-akusticke-steny-marcus\/kit-4-etageres-placo-apps-onglet\/\" data-orig-file=\"https:\/\/marcus.sk\/blog\/wp-content\/uploads\/2026\/01\/kit-4-etageres-placo-apps-onglet.jpg\" data-orig-size=\"300,361\" data-comments-opened=\"1\" data-image-meta=\"{&quot;aperture&quot;:&quot;0&quot;,&quot;credit&quot;:&quot;&quot;,&quot;camera&quot;:&quot;&quot;,&quot;caption&quot;:&quot;&quot;,&quot;created_timestamp&quot;:&quot;0&quot;,&quot;copyright&quot;:&quot;&quot;,&quot;focal_length&quot;:&quot;0&quot;,&quot;iso&quot;:&quot;0&quot;,&quot;shutter_speed&quot;:&quot;0&quot;,&quot;title&quot;:&quot;&quot;,&quot;orientation&quot;:&quot;0&quot;}\" data-image-title=\"Polica do kni\u017enice\" data-image-description=\"&lt;p&gt;Polica do kni\u017enice &lt;\/p&gt;\n\" data-image-caption=\"&lt;p&gt;Polica do kni\u017enice  z CD profilov&lt;\/p&gt;\n\" data-medium-file=\"https:\/\/marcus.sk\/blog\/wp-content\/uploads\/2026\/01\/kit-4-etageres-placo-apps-onglet-249x300.jpg\" data-large-file=\"https:\/\/marcus.sk\/blog\/wp-content\/uploads\/2026\/01\/kit-4-etageres-placo-apps-onglet.jpg\" \/><\/a>\n\t\t\t<\/div>\n\t\t\t\t<figcaption class='wp-caption-text gallery-caption' id='gallery-1-21292'>\n\t\t\t\tPolica do kni\u017enice  z CD profilov\n\t\t\t\t<\/figcaption><\/figure><figure class='gallery-item'>\n\t\t\t<div class='gallery-icon landscape'>\n\t\t\t\t<a href='https:\/\/marcus.sk\/blog\/dizajnove-a-akusticke-steny-marcus\/kit-bibliotheque-kinook\/'><img loading=\"lazy\" decoding=\"async\" width=\"300\" height=\"300\" src=\"https:\/\/marcus.sk\/blog\/wp-content\/uploads\/2026\/01\/Kit-bibliotheque-KINOOK-300x300.jpg\" class=\"attachment-medium size-medium\" alt=\"N\u00e1bytkov\u00e1 stena v ob\u00fdva\u010dk\" aria-describedby=\"gallery-1-21321\" srcset=\"https:\/\/marcus.sk\/blog\/wp-content\/uploads\/2026\/01\/Kit-bibliotheque-KINOOK-300x300.jpg 300w, https:\/\/marcus.sk\/blog\/wp-content\/uploads\/2026\/01\/Kit-bibliotheque-KINOOK-150x150.jpg 150w, https:\/\/marcus.sk\/blog\/wp-content\/uploads\/2026\/01\/Kit-bibliotheque-KINOOK.jpg 768w\" sizes=\"auto, (max-width: 300px) 100vw, 300px\" data-attachment-id=\"21321\" data-permalink=\"https:\/\/marcus.sk\/blog\/dizajnove-a-akusticke-steny-marcus\/kit-bibliotheque-kinook\/\" data-orig-file=\"https:\/\/marcus.sk\/blog\/wp-content\/uploads\/2026\/01\/Kit-bibliotheque-KINOOK.jpg\" data-orig-size=\"768,768\" data-comments-opened=\"1\" data-image-meta=\"{&quot;aperture&quot;:&quot;0&quot;,&quot;credit&quot;:&quot;&quot;,&quot;camera&quot;:&quot;&quot;,&quot;caption&quot;:&quot;&quot;,&quot;created_timestamp&quot;:&quot;0&quot;,&quot;copyright&quot;:&quot;&quot;,&quot;focal_length&quot;:&quot;0&quot;,&quot;iso&quot;:&quot;0&quot;,&quot;shutter_speed&quot;:&quot;0&quot;,&quot;title&quot;:&quot;&quot;,&quot;orientation&quot;:&quot;0&quot;}\" data-image-title=\"N\u00e1bytkov\u00e1 stena v ob\u00fdva\u010dk\" data-image-description=\"&lt;p&gt;N\u00e1bytkov\u00e1 stena v ob\u00fdva\u010dk&lt;\/p&gt;\n\" data-image-caption=\"&lt;p&gt;N\u00e1bytkov\u00e1 stena v ob\u00fdva\u010dk&lt;\/p&gt;\n\" data-medium-file=\"https:\/\/marcus.sk\/blog\/wp-content\/uploads\/2026\/01\/Kit-bibliotheque-KINOOK-300x300.jpg\" data-large-file=\"https:\/\/marcus.sk\/blog\/wp-content\/uploads\/2026\/01\/Kit-bibliotheque-KINOOK.jpg\" \/><\/a>\n\t\t\t<\/div>\n\t\t\t\t<figcaption class='wp-caption-text gallery-caption' id='gallery-1-21321'>\n\t\t\t\tN\u00e1bytkov\u00e1 stena v ob\u00fdva\u010dk\n\t\t\t\t<\/figcaption><\/figure><figure class='gallery-item'>\n\t\t\t<div class='gallery-icon landscape'>\n\t\t\t\t<a href='https:\/\/marcus.sk\/blog\/dizajnove-a-akusticke-steny-marcus\/kit-bibliotheque-kinook-1\/'><img loading=\"lazy\" decoding=\"async\" width=\"300\" height=\"300\" src=\"https:\/\/marcus.sk\/blog\/wp-content\/uploads\/2026\/01\/Kit-bibliotheque-KINOOK-1-300x300.jpg\" class=\"attachment-medium size-medium\" alt=\"N\u00e1bytkov\u00e1 stena v ob\u00fdva\u010dk\" aria-describedby=\"gallery-1-21317\" srcset=\"https:\/\/marcus.sk\/blog\/wp-content\/uploads\/2026\/01\/Kit-bibliotheque-KINOOK-1-300x300.jpg 300w, https:\/\/marcus.sk\/blog\/wp-content\/uploads\/2026\/01\/Kit-bibliotheque-KINOOK-1-150x150.jpg 150w, https:\/\/marcus.sk\/blog\/wp-content\/uploads\/2026\/01\/Kit-bibliotheque-KINOOK-1.jpg 768w\" sizes=\"auto, (max-width: 300px) 100vw, 300px\" data-attachment-id=\"21317\" data-permalink=\"https:\/\/marcus.sk\/blog\/dizajnove-a-akusticke-steny-marcus\/kit-bibliotheque-kinook-1\/\" data-orig-file=\"https:\/\/marcus.sk\/blog\/wp-content\/uploads\/2026\/01\/Kit-bibliotheque-KINOOK-1.jpg\" data-orig-size=\"768,768\" data-comments-opened=\"1\" data-image-meta=\"{&quot;aperture&quot;:&quot;0&quot;,&quot;credit&quot;:&quot;&quot;,&quot;camera&quot;:&quot;&quot;,&quot;caption&quot;:&quot;&quot;,&quot;created_timestamp&quot;:&quot;0&quot;,&quot;copyright&quot;:&quot;&quot;,&quot;focal_length&quot;:&quot;0&quot;,&quot;iso&quot;:&quot;0&quot;,&quot;shutter_speed&quot;:&quot;0&quot;,&quot;title&quot;:&quot;&quot;,&quot;orientation&quot;:&quot;0&quot;}\" data-image-title=\"N\u00e1bytkov\u00e1 stena v ob\u00fdva\u010dk\" data-image-description=\"&lt;p&gt;N\u00e1bytkov\u00e1 stena v ob\u00fdva\u010dk&lt;\/p&gt;\n\" data-image-caption=\"&lt;p&gt;N\u00e1bytkov\u00e1 stena v ob\u00fdva\u010dk&lt;\/p&gt;\n\" data-medium-file=\"https:\/\/marcus.sk\/blog\/wp-content\/uploads\/2026\/01\/Kit-bibliotheque-KINOOK-1-300x300.jpg\" data-large-file=\"https:\/\/marcus.sk\/blog\/wp-content\/uploads\/2026\/01\/Kit-bibliotheque-KINOOK-1.jpg\" \/><\/a>\n\t\t\t<\/div>\n\t\t\t\t<figcaption class='wp-caption-text gallery-caption' id='gallery-1-21317'>\n\t\t\t\tN\u00e1bytkov\u00e1 stena v ob\u00fdva\u010dk\n\t\t\t\t<\/figcaption><\/figure><figure class='gallery-item'>\n\t\t\t<div class='gallery-icon landscape'>\n\t\t\t\t<a href='https:\/\/marcus.sk\/blog\/dizajnove-a-akusticke-steny-marcus\/kit-de-cales-kinook-pour-realisation-d-une-niche-simple\/'><img loading=\"lazy\" decoding=\"async\" width=\"300\" height=\"300\" src=\"https:\/\/marcus.sk\/blog\/wp-content\/uploads\/2026\/01\/Kit-de-cales-Kinook-pour-realisation-d-une-niche-simple-300x300.jpg\" class=\"attachment-medium size-medium\" alt=\"Nika v k\u00fapelni\" aria-describedby=\"gallery-1-21325\" srcset=\"https:\/\/marcus.sk\/blog\/wp-content\/uploads\/2026\/01\/Kit-de-cales-Kinook-pour-realisation-d-une-niche-simple-300x300.jpg 300w, https:\/\/marcus.sk\/blog\/wp-content\/uploads\/2026\/01\/Kit-de-cales-Kinook-pour-realisation-d-une-niche-simple-150x150.jpg 150w, https:\/\/marcus.sk\/blog\/wp-content\/uploads\/2026\/01\/Kit-de-cales-Kinook-pour-realisation-d-une-niche-simple.jpg 768w\" sizes=\"auto, (max-width: 300px) 100vw, 300px\" data-attachment-id=\"21325\" data-permalink=\"https:\/\/marcus.sk\/blog\/dizajnove-a-akusticke-steny-marcus\/kit-de-cales-kinook-pour-realisation-d-une-niche-simple\/\" data-orig-file=\"https:\/\/marcus.sk\/blog\/wp-content\/uploads\/2026\/01\/Kit-de-cales-Kinook-pour-realisation-d-une-niche-simple.jpg\" data-orig-size=\"768,768\" data-comments-opened=\"1\" data-image-meta=\"{&quot;aperture&quot;:&quot;0&quot;,&quot;credit&quot;:&quot;&quot;,&quot;camera&quot;:&quot;&quot;,&quot;caption&quot;:&quot;&quot;,&quot;created_timestamp&quot;:&quot;0&quot;,&quot;copyright&quot;:&quot;&quot;,&quot;focal_length&quot;:&quot;0&quot;,&quot;iso&quot;:&quot;0&quot;,&quot;shutter_speed&quot;:&quot;0&quot;,&quot;title&quot;:&quot;&quot;,&quot;orientation&quot;:&quot;0&quot;}\" data-image-title=\"Nika v k\u00fapelni\" data-image-description=\"&lt;p&gt;Nika v k\u00fapelni&lt;\/p&gt;\n\" data-image-caption=\"&lt;p&gt;Nika v k\u00fapelni&lt;\/p&gt;\n\" data-medium-file=\"https:\/\/marcus.sk\/blog\/wp-content\/uploads\/2026\/01\/Kit-de-cales-Kinook-pour-realisation-d-une-niche-simple-300x300.jpg\" data-large-file=\"https:\/\/marcus.sk\/blog\/wp-content\/uploads\/2026\/01\/Kit-de-cales-Kinook-pour-realisation-d-une-niche-simple.jpg\" \/><\/a>\n\t\t\t<\/div>\n\t\t\t\t<figcaption class='wp-caption-text gallery-caption' id='gallery-1-21325'>\n\t\t\t\tNika v k\u00fapelni\n\t\t\t\t<\/figcaption><\/figure><figure class='gallery-item'>\n\t\t\t<div class='gallery-icon landscape'>\n\t\t\t\t<a href='https:\/\/marcus.sk\/blog\/dizajnove-a-akusticke-steny-marcus\/etageres-jumelles\/'><img loading=\"lazy\" decoding=\"async\" width=\"300\" height=\"203\" src=\"https:\/\/marcus.sk\/blog\/wp-content\/uploads\/2026\/01\/etageres-jumelles-300x203.jpg\" class=\"attachment-medium size-medium\" alt=\"Polica\" aria-describedby=\"gallery-1-21308\" srcset=\"https:\/\/marcus.sk\/blog\/wp-content\/uploads\/2026\/01\/etageres-jumelles-300x203.jpg 300w, https:\/\/marcus.sk\/blog\/wp-content\/uploads\/2026\/01\/etageres-jumelles.jpg 550w\" sizes=\"auto, (max-width: 300px) 100vw, 300px\" data-attachment-id=\"21308\" data-permalink=\"https:\/\/marcus.sk\/blog\/dizajnove-a-akusticke-steny-marcus\/etageres-jumelles\/\" data-orig-file=\"https:\/\/marcus.sk\/blog\/wp-content\/uploads\/2026\/01\/etageres-jumelles.jpg\" data-orig-size=\"550,372\" data-comments-opened=\"1\" data-image-meta=\"{&quot;aperture&quot;:&quot;0&quot;,&quot;credit&quot;:&quot;&quot;,&quot;camera&quot;:&quot;&quot;,&quot;caption&quot;:&quot;&quot;,&quot;created_timestamp&quot;:&quot;0&quot;,&quot;copyright&quot;:&quot;&quot;,&quot;focal_length&quot;:&quot;0&quot;,&quot;iso&quot;:&quot;0&quot;,&quot;shutter_speed&quot;:&quot;0&quot;,&quot;title&quot;:&quot;&quot;,&quot;orientation&quot;:&quot;0&quot;}\" data-image-title=\"Polica\" data-image-description=\"&lt;p&gt;Polica&lt;\/p&gt;\n\" data-image-caption=\"&lt;p&gt;Polica&lt;\/p&gt;\n\" data-medium-file=\"https:\/\/marcus.sk\/blog\/wp-content\/uploads\/2026\/01\/etageres-jumelles-300x203.jpg\" data-large-file=\"https:\/\/marcus.sk\/blog\/wp-content\/uploads\/2026\/01\/etageres-jumelles.jpg\" \/><\/a>\n\t\t\t<\/div>\n\t\t\t\t<figcaption class='wp-caption-text gallery-caption' id='gallery-1-21308'>\n\t\t\t\tPolica\n\t\t\t\t<\/figcaption><\/figure>\n\t\t<\/div>\n\n<h3><span style=\"font-size: 1.75rem;\">Tie\u0148ov\u00e1 \u0161p\u00e1ra pod stropom<\/span><\/h3>\n<p>Pou\u017eit\u00ed profilov od www.marcus.sk m\u00f4\u017eete vytvori\u0165 plo\u0161n\u00e9 dekora\u010dn\u00e9 prvky. Z\u00e1vis\u00ed u\u017e len od va\u0161ej fant\u00e1zie a pou\u017eitiu r\u00f4znych farebn\u00fdch kombin\u00e1ci\u00ed. Nechajte sa in\u0161pirova\u0165, no a fant\u00e1ziu, nech\u00e1m na v\u00e1s.<\/p>\n<p>&nbsp;<\/p>\n<div class=\"mceTemp\">\n<div data-carousel-extra='{&quot;blog_id&quot;:1,&quot;permalink&quot;:&quot;https:\/\/marcus.sk\/blog\/dizajnove-a-akusticke-steny-marcus\/&quot;}' id='gallery-2' class='gallery galleryid-18579 gallery-columns-2 gallery-size-medium'><figure class='gallery-item'>\n\t\t\t<div class='gallery-icon landscape'>\n\t\t\t\t<a href='https:\/\/marcus.sk\/blog\/dolezite-detaily-v-interieri-od-spolocnosti-protektor\/img20231109140117\/'><img loading=\"lazy\" decoding=\"async\" width=\"300\" height=\"169\" src=\"https:\/\/marcus.sk\/blog\/wp-content\/uploads\/2023\/11\/IMG20231109140117-300x169.jpg\" class=\"attachment-medium size-medium\" alt=\"\" aria-describedby=\"gallery-2-5857\" srcset=\"https:\/\/marcus.sk\/blog\/wp-content\/uploads\/2023\/11\/IMG20231109140117-300x169.jpg 300w, https:\/\/marcus.sk\/blog\/wp-content\/uploads\/2023\/11\/IMG20231109140117-1024x578.jpg 1024w, https:\/\/marcus.sk\/blog\/wp-content\/uploads\/2023\/11\/IMG20231109140117-768x433.jpg 768w, https:\/\/marcus.sk\/blog\/wp-content\/uploads\/2023\/11\/IMG20231109140117-1536x866.jpg 1536w, https:\/\/marcus.sk\/blog\/wp-content\/uploads\/2023\/11\/IMG20231109140117-2048x1155.jpg 2048w\" sizes=\"auto, (max-width: 300px) 100vw, 300px\" data-attachment-id=\"5857\" data-permalink=\"https:\/\/marcus.sk\/blog\/dolezite-detaily-v-interieri-od-spolocnosti-protektor\/img20231109140117\/\" data-orig-file=\"https:\/\/marcus.sk\/blog\/wp-content\/uploads\/2023\/11\/IMG20231109140117-scaled.jpg\" data-orig-size=\"2560,1444\" data-comments-opened=\"1\" data-image-meta=\"{&quot;aperture&quot;:&quot;1.7&quot;,&quot;credit&quot;:&quot;&quot;,&quot;camera&quot;:&quot;OPPO Reno5 Z&quot;,&quot;caption&quot;:&quot;&quot;,&quot;created_timestamp&quot;:&quot;1699538477&quot;,&quot;copyright&quot;:&quot;&quot;,&quot;focal_length&quot;:&quot;4.71&quot;,&quot;iso&quot;:&quot;530&quot;,&quot;shutter_speed&quot;:&quot;0.020003&quot;,&quot;title&quot;:&quot;&quot;,&quot;orientation&quot;:&quot;1&quot;}\" data-image-title=\"IMG20231109140117\" data-image-description=\"\" data-image-caption=\"&lt;p&gt;Aplik\u00e1cia obl\u00fakov\u00fdch profilov&lt;\/p&gt;\n\" data-medium-file=\"https:\/\/marcus.sk\/blog\/wp-content\/uploads\/2023\/11\/IMG20231109140117-300x169.jpg\" data-large-file=\"https:\/\/marcus.sk\/blog\/wp-content\/uploads\/2023\/11\/IMG20231109140117-1024x578.jpg\" \/><\/a>\n\t\t\t<\/div>\n\t\t\t\t<figcaption class='wp-caption-text gallery-caption' id='gallery-2-5857'>\n\t\t\t\tAplik\u00e1cia obl\u00fakov\u00fdch profilov\n\t\t\t\t<\/figcaption><\/figure><figure class='gallery-item'>\n\t\t\t<div class='gallery-icon portrait'>\n\t\t\t\t<a href='https:\/\/marcus.sk\/blog\/dolezite-detaily-v-interieri-od-spolocnosti-protektor\/img20231109140103\/'><img loading=\"lazy\" decoding=\"async\" width=\"208\" height=\"300\" src=\"https:\/\/marcus.sk\/blog\/wp-content\/uploads\/2023\/11\/IMG20231109140103-scaled-e1768031497603-208x300.jpg\" class=\"attachment-medium size-medium\" alt=\"\" aria-describedby=\"gallery-2-5856\" srcset=\"https:\/\/marcus.sk\/blog\/wp-content\/uploads\/2023\/11\/IMG20231109140103-scaled-e1768031497603-208x300.jpg 208w, https:\/\/marcus.sk\/blog\/wp-content\/uploads\/2023\/11\/IMG20231109140103-scaled-e1768031497603-711x1024.jpg 711w, https:\/\/marcus.sk\/blog\/wp-content\/uploads\/2023\/11\/IMG20231109140103-scaled-e1768031497603-768x1105.jpg 768w, https:\/\/marcus.sk\/blog\/wp-content\/uploads\/2023\/11\/IMG20231109140103-scaled-e1768031497603-1067x1536.jpg 1067w, https:\/\/marcus.sk\/blog\/wp-content\/uploads\/2023\/11\/IMG20231109140103-scaled-e1768031497603.jpg 1220w\" sizes=\"auto, (max-width: 208px) 100vw, 208px\" data-attachment-id=\"5856\" data-permalink=\"https:\/\/marcus.sk\/blog\/dolezite-detaily-v-interieri-od-spolocnosti-protektor\/img20231109140103\/\" data-orig-file=\"https:\/\/marcus.sk\/blog\/wp-content\/uploads\/2023\/11\/IMG20231109140103-scaled-e1768031497603.jpg\" data-orig-size=\"1220,1756\" data-comments-opened=\"1\" data-image-meta=\"{&quot;aperture&quot;:&quot;1.7&quot;,&quot;credit&quot;:&quot;&quot;,&quot;camera&quot;:&quot;OPPO Reno5 Z&quot;,&quot;caption&quot;:&quot;&quot;,&quot;created_timestamp&quot;:&quot;1699538463&quot;,&quot;copyright&quot;:&quot;&quot;,&quot;focal_length&quot;:&quot;4.71&quot;,&quot;iso&quot;:&quot;473&quot;,&quot;shutter_speed&quot;:&quot;0.020003&quot;,&quot;title&quot;:&quot;&quot;,&quot;orientation&quot;:&quot;1&quot;}\" data-image-title=\"IMG20231109140103\" data-image-description=\"\" data-image-caption=\"&lt;p&gt;Tie\u0148ov\u00e1 \u0161p\u00e1ra pod stropom&lt;\/p&gt;\n\" data-medium-file=\"https:\/\/marcus.sk\/blog\/wp-content\/uploads\/2023\/11\/IMG20231109140103-scaled-e1768031497603-208x300.jpg\" data-large-file=\"https:\/\/marcus.sk\/blog\/wp-content\/uploads\/2023\/11\/IMG20231109140103-scaled-e1768031497603-711x1024.jpg\" \/><\/a>\n\t\t\t<\/div>\n\t\t\t\t<figcaption class='wp-caption-text gallery-caption' id='gallery-2-5856'>\n\t\t\t\tTie\u0148ov\u00e1 \u0161p\u00e1ra pod stropom\n\t\t\t\t<\/figcaption><\/figure>\n\t\t<\/div>\n\n<p><span style=\"font-size: 1.75rem;\">Predsaden\u00e9 dekora\u010dn\u00e9 steny<\/span><\/p>\n<\/div>\n<p>S mot\u00edvami vam radi pom\u00f4\u017eeme a pozrite si na\u0161e z\u00e1kladn\u00e9 vzory pre dizajnov\u00e9 a akustick\u00e9 steny MARCUS. Ako materi\u00e1l m\u00f4\u017eete zvoli\u0165:<\/p>\n<ul>\n<li>sadrokart\u00f3n, heraklith, drevotriesku, preglejku, polystyr\u00e9n pr\u00edpadne alucobond<\/li>\n<\/ul>\n<div data-carousel-extra='{&quot;blog_id&quot;:1,&quot;permalink&quot;:&quot;https:\/\/marcus.sk\/blog\/dizajnove-a-akusticke-steny-marcus\/&quot;}' id='gallery-3' class='gallery galleryid-18579 gallery-columns-3 gallery-size-thumbnail'><figure class='gallery-item'>\n\t\t\t<div class='gallery-icon landscape'>\n\t\t\t\t<a href='https:\/\/marcus.sk\/blog\/dizajnove-a-akusticke-steny-marcus\/3u8a0027\/'><img loading=\"lazy\" decoding=\"async\" width=\"150\" height=\"150\" src=\"https:\/\/marcus.sk\/blog\/wp-content\/uploads\/2025\/03\/3U8A0027-150x150.jpg\" class=\"attachment-thumbnail size-thumbnail\" alt=\"Obkladov\u00e9 panely na stenu\" aria-describedby=\"gallery-3-18596\" data-attachment-id=\"18596\" data-permalink=\"https:\/\/marcus.sk\/blog\/dizajnove-a-akusticke-steny-marcus\/3u8a0027\/\" data-orig-file=\"https:\/\/marcus.sk\/blog\/wp-content\/uploads\/2025\/03\/3U8A0027.jpg\" data-orig-size=\"1200,800\" data-comments-opened=\"1\" data-image-meta=\"{&quot;aperture&quot;:&quot;4&quot;,&quot;credit&quot;:&quot;Gatis Upitis&quot;,&quot;camera&quot;:&quot;Canon EOS 5DS&quot;,&quot;caption&quot;:&quot;&quot;,&quot;created_timestamp&quot;:&quot;1502718899&quot;,&quot;copyright&quot;:&quot;&quot;,&quot;focal_length&quot;:&quot;16&quot;,&quot;iso&quot;:&quot;100&quot;,&quot;shutter_speed&quot;:&quot;0.0125&quot;,&quot;title&quot;:&quot;&quot;,&quot;orientation&quot;:&quot;0&quot;}\" data-image-title=\"Obkladov\u00e9 panely na stenu\" data-image-description=\"&lt;p&gt;Obkladov\u00e9 panely na stenu&lt;\/p&gt;\n\" data-image-caption=\"&lt;p&gt;Obkladov\u00e9 panely na stenu&lt;\/p&gt;\n\" data-medium-file=\"https:\/\/marcus.sk\/blog\/wp-content\/uploads\/2025\/03\/3U8A0027-300x200.jpg\" data-large-file=\"https:\/\/marcus.sk\/blog\/wp-content\/uploads\/2025\/03\/3U8A0027-1024x683.jpg\" \/><\/a>\n\t\t\t<\/div>\n\t\t\t\t<figcaption class='wp-caption-text gallery-caption' id='gallery-3-18596'>\n\t\t\t\tObkladov\u00e9 panely na stenu\n\t\t\t\t<\/figcaption><\/figure><figure class='gallery-item'>\n\t\t\t<div class='gallery-icon landscape'>\n\t\t\t\t<a href='https:\/\/marcus.sk\/blog\/dizajnove-a-akusticke-steny-marcus\/3u8a9376_large\/'><img loading=\"lazy\" decoding=\"async\" width=\"150\" height=\"150\" src=\"https:\/\/marcus.sk\/blog\/wp-content\/uploads\/2025\/03\/3U8A9376_large-150x150.jpg\" class=\"attachment-thumbnail size-thumbnail\" alt=\"Obkladov\u00e9 panely na stenu\" aria-describedby=\"gallery-3-18592\" data-attachment-id=\"18592\" data-permalink=\"https:\/\/marcus.sk\/blog\/dizajnove-a-akusticke-steny-marcus\/3u8a9376_large\/\" data-orig-file=\"https:\/\/marcus.sk\/blog\/wp-content\/uploads\/2025\/03\/3U8A9376_large.jpg\" data-orig-size=\"1280,853\" data-comments-opened=\"1\" data-image-meta=\"{&quot;aperture&quot;:&quot;8&quot;,&quot;credit&quot;:&quot;&quot;,&quot;camera&quot;:&quot;Canon EOS 5DS&quot;,&quot;caption&quot;:&quot;&quot;,&quot;created_timestamp&quot;:&quot;1487958882&quot;,&quot;copyright&quot;:&quot;&quot;,&quot;focal_length&quot;:&quot;16&quot;,&quot;iso&quot;:&quot;100&quot;,&quot;shutter_speed&quot;:&quot;1.3&quot;,&quot;title&quot;:&quot;&quot;,&quot;orientation&quot;:&quot;0&quot;}\" data-image-title=\"Obkladov\u00e9 panely na stenu\" data-image-description=\"&lt;p&gt;Obkladov\u00e9 panely na stenu&lt;\/p&gt;\n\" data-image-caption=\"&lt;p&gt;Obkladov\u00e9 panely na stenu&lt;\/p&gt;\n\" data-medium-file=\"https:\/\/marcus.sk\/blog\/wp-content\/uploads\/2025\/03\/3U8A9376_large-300x200.jpg\" data-large-file=\"https:\/\/marcus.sk\/blog\/wp-content\/uploads\/2025\/03\/3U8A9376_large-1024x682.jpg\" \/><\/a>\n\t\t\t<\/div>\n\t\t\t\t<figcaption class='wp-caption-text gallery-caption' id='gallery-3-18592'>\n\t\t\t\tObkladov\u00e9 panely na stenu\n\t\t\t\t<\/figcaption><\/figure><figure class='gallery-item'>\n\t\t\t<div class='gallery-icon landscape'>\n\t\t\t\t<a href='https:\/\/marcus.sk\/blog\/dizajnove-a-akusticke-steny-marcus\/001-11_large\/'><img loading=\"lazy\" decoding=\"async\" width=\"150\" height=\"150\" src=\"https:\/\/marcus.sk\/blog\/wp-content\/uploads\/2025\/03\/001-11_large-e1742487817570-150x150.jpg\" class=\"attachment-thumbnail size-thumbnail\" alt=\"Obkladov\u00e9 panely na stenu\" aria-describedby=\"gallery-3-18580\" data-attachment-id=\"18580\" data-permalink=\"https:\/\/marcus.sk\/blog\/dizajnove-a-akusticke-steny-marcus\/001-11_large\/\" data-orig-file=\"https:\/\/marcus.sk\/blog\/wp-content\/uploads\/2025\/03\/001-11_large-e1742487817570.jpg\" data-orig-size=\"548,428\" data-comments-opened=\"1\" data-image-meta=\"{&quot;aperture&quot;:&quot;7.1&quot;,&quot;credit&quot;:&quot;&quot;,&quot;camera&quot;:&quot;NIKON D810&quot;,&quot;caption&quot;:&quot;&quot;,&quot;created_timestamp&quot;:&quot;1405966456&quot;,&quot;copyright&quot;:&quot;&quot;,&quot;focal_length&quot;:&quot;16&quot;,&quot;iso&quot;:&quot;160&quot;,&quot;shutter_speed&quot;:&quot;0.6&quot;,&quot;title&quot;:&quot;&quot;,&quot;orientation&quot;:&quot;1&quot;}\" data-image-title=\"Obkladov\u00e9 panely na stenu\" data-image-description=\"&lt;p&gt;Obkladov\u00e9 panely na stenu&lt;\/p&gt;\n\" data-image-caption=\"&lt;p&gt;Obkladov\u00e9 panely na stenu&lt;\/p&gt;\n\" data-medium-file=\"https:\/\/marcus.sk\/blog\/wp-content\/uploads\/2025\/03\/001-11_large-e1742487817570-300x234.jpg\" data-large-file=\"https:\/\/marcus.sk\/blog\/wp-content\/uploads\/2025\/03\/001-11_large-1024x683.jpg\" \/><\/a>\n\t\t\t<\/div>\n\t\t\t\t<figcaption class='wp-caption-text gallery-caption' id='gallery-3-18580'>\n\t\t\t\tObkladov\u00e9 panely na stenu\n\t\t\t\t<\/figcaption><\/figure>\n\t\t<\/div>\n\n<ul>\n<li>3D tvary z r\u00f4znych materi\u00e1lov (<span style=\"font-size: 1rem;\">sadrokart\u00f3n, <\/span><span style=\"font-size: 1rem;\">drevotrieska, <\/span><span style=\"font-size: 1rem;\">plech)<\/span><\/li>\n<\/ul>\n<div data-carousel-extra='{&quot;blog_id&quot;:1,&quot;permalink&quot;:&quot;https:\/\/marcus.sk\/blog\/dizajnove-a-akusticke-steny-marcus\/&quot;}' id='gallery-4' class='gallery galleryid-18579 gallery-columns-3 gallery-size-thumbnail'><figure class='gallery-item'>\n\t\t\t<div class='gallery-icon landscape'>\n\t\t\t\t<a href='https:\/\/marcus.sk\/blog\/dizajnove-a-akusticke-steny-marcus\/print\/'><img loading=\"lazy\" decoding=\"async\" width=\"150\" height=\"150\" src=\"https:\/\/marcus.sk\/blog\/wp-content\/uploads\/2025\/03\/Heksogana_baneris-150x150.jpg\" class=\"attachment-thumbnail size-thumbnail\" alt=\"Polygonove tvary\" aria-describedby=\"gallery-4-18600\" srcset=\"https:\/\/marcus.sk\/blog\/wp-content\/uploads\/2025\/03\/Heksogana_baneris-150x150.jpg 150w, https:\/\/marcus.sk\/blog\/wp-content\/uploads\/2025\/03\/Heksogana_baneris-300x300.jpg 300w, https:\/\/marcus.sk\/blog\/wp-content\/uploads\/2025\/03\/Heksogana_baneris-768x768.jpg 768w, https:\/\/marcus.sk\/blog\/wp-content\/uploads\/2025\/03\/Heksogana_baneris.jpg 1004w\" sizes=\"auto, (max-width: 150px) 100vw, 150px\" data-attachment-id=\"18600\" data-permalink=\"https:\/\/marcus.sk\/blog\/dizajnove-a-akusticke-steny-marcus\/print\/\" data-orig-file=\"https:\/\/marcus.sk\/blog\/wp-content\/uploads\/2025\/03\/Heksogana_baneris.jpg\" data-orig-size=\"1004,1004\" data-comments-opened=\"1\" data-image-meta=\"{&quot;aperture&quot;:&quot;0&quot;,&quot;credit&quot;:&quot;&quot;,&quot;camera&quot;:&quot;&quot;,&quot;caption&quot;:&quot;&quot;,&quot;created_timestamp&quot;:&quot;0&quot;,&quot;copyright&quot;:&quot;&quot;,&quot;focal_length&quot;:&quot;0&quot;,&quot;iso&quot;:&quot;0&quot;,&quot;shutter_speed&quot;:&quot;0&quot;,&quot;title&quot;:&quot;Print&quot;,&quot;orientation&quot;:&quot;1&quot;}\" data-image-title=\"Polygonove tvary\" data-image-description=\"&lt;p&gt;Polygonove tvary&lt;\/p&gt;\n\" data-image-caption=\"&lt;p&gt;Polygonove tvary&lt;\/p&gt;\n\" data-medium-file=\"https:\/\/marcus.sk\/blog\/wp-content\/uploads\/2025\/03\/Heksogana_baneris-300x300.jpg\" data-large-file=\"https:\/\/marcus.sk\/blog\/wp-content\/uploads\/2025\/03\/Heksogana_baneris.jpg\" \/><\/a>\n\t\t\t<\/div>\n\t\t\t\t<figcaption class='wp-caption-text gallery-caption' id='gallery-4-18600'>\n\t\t\t\tPolygonove tvary\n\t\t\t\t<\/figcaption><\/figure><figure class='gallery-item'>\n\t\t\t<div class='gallery-icon portrait'>\n\t\t\t\t<a href='https:\/\/marcus.sk\/blog\/dizajnove-a-akusticke-steny-marcus\/akusticka-stena-01\/'><img loading=\"lazy\" decoding=\"async\" width=\"150\" height=\"150\" src=\"https:\/\/marcus.sk\/blog\/wp-content\/uploads\/2025\/03\/akusticka-stena-01-150x150.jpg\" class=\"attachment-thumbnail size-thumbnail\" alt=\"\" aria-describedby=\"gallery-4-18674\" data-attachment-id=\"18674\" data-permalink=\"https:\/\/marcus.sk\/blog\/dizajnove-a-akusticke-steny-marcus\/akusticka-stena-01\/\" data-orig-file=\"https:\/\/marcus.sk\/blog\/wp-content\/uploads\/2025\/03\/akusticka-stena-01.jpg\" data-orig-size=\"1080,1236\" data-comments-opened=\"1\" data-image-meta=\"{&quot;aperture&quot;:&quot;0&quot;,&quot;credit&quot;:&quot;&quot;,&quot;camera&quot;:&quot;&quot;,&quot;caption&quot;:&quot;&quot;,&quot;created_timestamp&quot;:&quot;0&quot;,&quot;copyright&quot;:&quot;&quot;,&quot;focal_length&quot;:&quot;0&quot;,&quot;iso&quot;:&quot;0&quot;,&quot;shutter_speed&quot;:&quot;0&quot;,&quot;title&quot;:&quot;&quot;,&quot;orientation&quot;:&quot;1&quot;}\" data-image-title=\"akusticka-stena-01\" data-image-description=\"\" data-image-caption=\"&lt;p&gt;3D tvar&lt;\/p&gt;\n\" data-medium-file=\"https:\/\/marcus.sk\/blog\/wp-content\/uploads\/2025\/03\/akusticka-stena-01-262x300.jpg\" data-large-file=\"https:\/\/marcus.sk\/blog\/wp-content\/uploads\/2025\/03\/akusticka-stena-01-895x1024.jpg\" \/><\/a>\n\t\t\t<\/div>\n\t\t\t\t<figcaption class='wp-caption-text gallery-caption' id='gallery-4-18674'>\n\t\t\t\t3D tvar\n\t\t\t\t<\/figcaption><\/figure><figure class='gallery-item'>\n\t\t\t<div class='gallery-icon portrait'>\n\t\t\t\t<a href='https:\/\/marcus.sk\/blog\/dizajnove-a-akusticke-steny-marcus\/akusticka-stena-02\/'><img loading=\"lazy\" decoding=\"async\" width=\"150\" height=\"150\" src=\"https:\/\/marcus.sk\/blog\/wp-content\/uploads\/2025\/03\/akusticka-stena-02-150x150.jpg\" class=\"attachment-thumbnail size-thumbnail\" alt=\"\" aria-describedby=\"gallery-4-18678\" data-attachment-id=\"18678\" data-permalink=\"https:\/\/marcus.sk\/blog\/dizajnove-a-akusticke-steny-marcus\/akusticka-stena-02\/\" data-orig-file=\"https:\/\/marcus.sk\/blog\/wp-content\/uploads\/2025\/03\/akusticka-stena-02.jpg\" data-orig-size=\"1080,1528\" data-comments-opened=\"1\" data-image-meta=\"{&quot;aperture&quot;:&quot;0&quot;,&quot;credit&quot;:&quot;&quot;,&quot;camera&quot;:&quot;&quot;,&quot;caption&quot;:&quot;&quot;,&quot;created_timestamp&quot;:&quot;0&quot;,&quot;copyright&quot;:&quot;&quot;,&quot;focal_length&quot;:&quot;0&quot;,&quot;iso&quot;:&quot;0&quot;,&quot;shutter_speed&quot;:&quot;0&quot;,&quot;title&quot;:&quot;&quot;,&quot;orientation&quot;:&quot;1&quot;}\" data-image-title=\"akusticka-stena-02\" data-image-description=\"\" data-image-caption=\"&lt;p&gt;3D tvar&lt;\/p&gt;\n\" data-medium-file=\"https:\/\/marcus.sk\/blog\/wp-content\/uploads\/2025\/03\/akusticka-stena-02-212x300.jpg\" data-large-file=\"https:\/\/marcus.sk\/blog\/wp-content\/uploads\/2025\/03\/akusticka-stena-02-724x1024.jpg\" \/><\/a>\n\t\t\t<\/div>\n\t\t\t\t<figcaption class='wp-caption-text gallery-caption' id='gallery-4-18678'>\n\t\t\t\t3D tvar\n\t\t\t\t<\/figcaption><\/figure>\n\t\t<\/div>\n\n<h4>Mont\u00e1\u017e dekora\u010dn\u00fd prvkov<\/h4>\n<p>Dekora\u010dn\u00e9 prvky s\u00fa vhodn\u00e9 na in\u0161tal\u00e1ciu na stenu alebo strop, vhodn\u00e9 do menej frekventovan\u00fdch miest. Panely nie s\u00fa mechanicky odoln\u00e9. Pre ich in\u0161tal\u00e1ciu pou\u017eite lepidlo na materi\u00e1l, ktor\u00fd pou\u017e\u00edvate a nechajte si poradi\u0165 od predajcu.<\/p>\n<h4>Aplik\u00e1cia tvarov<\/h4>\n<div data-carousel-extra='{&quot;blog_id&quot;:1,&quot;permalink&quot;:&quot;https:\/\/marcus.sk\/blog\/dizajnove-a-akusticke-steny-marcus\/&quot;}' id='gallery-5' class='gallery galleryid-18579 gallery-columns-3 gallery-size-thumbnail'><figure class='gallery-item'>\n\t\t\t<div class='gallery-icon landscape'>\n\t\t\t\t<a href='https:\/\/marcus.sk\/blog\/dizajnove-a-akusticke-steny-marcus\/snimka-obrazovky-2025-03-15-150200\/'><img loading=\"lazy\" decoding=\"async\" width=\"150\" height=\"150\" src=\"https:\/\/marcus.sk\/blog\/wp-content\/uploads\/2025\/03\/Snimka-obrazovky-2025-03-15-150200-150x150.jpg\" class=\"attachment-thumbnail size-thumbnail\" alt=\"\" data-attachment-id=\"18669\" data-permalink=\"https:\/\/marcus.sk\/blog\/dizajnove-a-akusticke-steny-marcus\/snimka-obrazovky-2025-03-15-150200\/\" data-orig-file=\"https:\/\/marcus.sk\/blog\/wp-content\/uploads\/2025\/03\/Snimka-obrazovky-2025-03-15-150200.jpg\" data-orig-size=\"554,268\" data-comments-opened=\"1\" data-image-meta=\"{&quot;aperture&quot;:&quot;0&quot;,&quot;credit&quot;:&quot;&quot;,&quot;camera&quot;:&quot;&quot;,&quot;caption&quot;:&quot;&quot;,&quot;created_timestamp&quot;:&quot;0&quot;,&quot;copyright&quot;:&quot;&quot;,&quot;focal_length&quot;:&quot;0&quot;,&quot;iso&quot;:&quot;0&quot;,&quot;shutter_speed&quot;:&quot;0&quot;,&quot;title&quot;:&quot;&quot;,&quot;orientation&quot;:&quot;0&quot;}\" data-image-title=\"Sn\u00edmka obrazovky 2025-03-15 150200\" data-image-description=\"\" data-image-caption=\"\" data-medium-file=\"https:\/\/marcus.sk\/blog\/wp-content\/uploads\/2025\/03\/Snimka-obrazovky-2025-03-15-150200-300x145.jpg\" data-large-file=\"https:\/\/marcus.sk\/blog\/wp-content\/uploads\/2025\/03\/Snimka-obrazovky-2025-03-15-150200.jpg\" \/><\/a>\n\t\t\t<\/div><\/figure><figure class='gallery-item'>\n\t\t\t<div class='gallery-icon landscape'>\n\t\t\t\t<a href='https:\/\/marcus.sk\/blog\/dizajnove-a-akusticke-steny-marcus\/snimka-obrazovky-2025-03-15-145550-2\/'><img loading=\"lazy\" decoding=\"async\" width=\"150\" height=\"150\" src=\"https:\/\/marcus.sk\/blog\/wp-content\/uploads\/2025\/03\/Snimka-obrazovky-2025-03-15-145550-1-150x150.jpg\" class=\"attachment-thumbnail size-thumbnail\" alt=\"\" data-attachment-id=\"18657\" data-permalink=\"https:\/\/marcus.sk\/blog\/dizajnove-a-akusticke-steny-marcus\/snimka-obrazovky-2025-03-15-145550-2\/\" data-orig-file=\"https:\/\/marcus.sk\/blog\/wp-content\/uploads\/2025\/03\/Snimka-obrazovky-2025-03-15-145550-1.jpg\" data-orig-size=\"608,209\" data-comments-opened=\"1\" data-image-meta=\"{&quot;aperture&quot;:&quot;0&quot;,&quot;credit&quot;:&quot;&quot;,&quot;camera&quot;:&quot;&quot;,&quot;caption&quot;:&quot;&quot;,&quot;created_timestamp&quot;:&quot;0&quot;,&quot;copyright&quot;:&quot;&quot;,&quot;focal_length&quot;:&quot;0&quot;,&quot;iso&quot;:&quot;0&quot;,&quot;shutter_speed&quot;:&quot;0&quot;,&quot;title&quot;:&quot;&quot;,&quot;orientation&quot;:&quot;0&quot;}\" data-image-title=\"Sn\u00edmka obrazovky 2025-03-15 145550\" data-image-description=\"\" data-image-caption=\"\" data-medium-file=\"https:\/\/marcus.sk\/blog\/wp-content\/uploads\/2025\/03\/Snimka-obrazovky-2025-03-15-145550-1-300x103.jpg\" data-large-file=\"https:\/\/marcus.sk\/blog\/wp-content\/uploads\/2025\/03\/Snimka-obrazovky-2025-03-15-145550-1.jpg\" \/><\/a>\n\t\t\t<\/div><\/figure><figure class='gallery-item'>\n\t\t\t<div class='gallery-icon landscape'>\n\t\t\t\t<a href='https:\/\/marcus.sk\/blog\/dizajnove-a-akusticke-steny-marcus\/snimka-obrazovky-2025-03-15-145647-2\/'><img loading=\"lazy\" decoding=\"async\" width=\"150\" height=\"150\" src=\"https:\/\/marcus.sk\/blog\/wp-content\/uploads\/2025\/03\/Snimka-obrazovky-2025-03-15-145647-1-150x150.jpg\" class=\"attachment-thumbnail size-thumbnail\" alt=\"\" data-attachment-id=\"18661\" data-permalink=\"https:\/\/marcus.sk\/blog\/dizajnove-a-akusticke-steny-marcus\/snimka-obrazovky-2025-03-15-145647-2\/\" data-orig-file=\"https:\/\/marcus.sk\/blog\/wp-content\/uploads\/2025\/03\/Snimka-obrazovky-2025-03-15-145647-1.jpg\" data-orig-size=\"663,385\" data-comments-opened=\"1\" data-image-meta=\"{&quot;aperture&quot;:&quot;0&quot;,&quot;credit&quot;:&quot;&quot;,&quot;camera&quot;:&quot;&quot;,&quot;caption&quot;:&quot;&quot;,&quot;created_timestamp&quot;:&quot;0&quot;,&quot;copyright&quot;:&quot;&quot;,&quot;focal_length&quot;:&quot;0&quot;,&quot;iso&quot;:&quot;0&quot;,&quot;shutter_speed&quot;:&quot;0&quot;,&quot;title&quot;:&quot;&quot;,&quot;orientation&quot;:&quot;0&quot;}\" data-image-title=\"Sn\u00edmka obrazovky 2025-03-15 145647\" data-image-description=\"\" data-image-caption=\"\" data-medium-file=\"https:\/\/marcus.sk\/blog\/wp-content\/uploads\/2025\/03\/Snimka-obrazovky-2025-03-15-145647-1-300x174.jpg\" data-large-file=\"https:\/\/marcus.sk\/blog\/wp-content\/uploads\/2025\/03\/Snimka-obrazovky-2025-03-15-145647-1.jpg\" \/><\/a>\n\t\t\t<\/div><\/figure>\n\t\t<\/div>\n\n<h4>Mont\u00e1\u017e predsadenej dekora\u010dnej steny<\/h4>\n<p>Tento doskov\u00fd prvok m\u00f4\u017eete kotvi\u0165 r\u00f4znymi sp\u00f4sobmi a m\u00f4\u017eem V\u00e1m odporu\u010di\u0165 tieto prvky<\/p>\n<ul>\n<li>pou\u017eitie omega profilu, akustick\u00fd <a href=\"https:\/\/www.marcus.sk\/sk\/konstrukcne-profily-pre-sadrokarton\/1156-hut-profil-400-m-4012560001225.html\">hut<\/a> profil, pr\u00edpadne <a href=\"https:\/\/www.marcus.sk\/sk\/konstrukcne-profily-pre-sadrokarton\/2177-spona-na-tatransky-obklad.html\">pr\u00edponky<\/a> na CD profily<\/li>\n<\/ul>\n<div data-carousel-extra='{&quot;blog_id&quot;:1,&quot;permalink&quot;:&quot;https:\/\/marcus.sk\/blog\/dizajnove-a-akusticke-steny-marcus\/&quot;}' id='gallery-6' class='gallery galleryid-18579 gallery-columns-2 gallery-size-medium'><figure class='gallery-item'>\n\t\t\t<div class='gallery-icon landscape'>\n\t\t\t\t<a href='https:\/\/marcus.sk\/blog\/dizajnove-a-akusticke-steny-marcus\/perforovany-fasadny-omega-profil-z-hlinika-300-m-1-2\/'><img loading=\"lazy\" decoding=\"async\" width=\"300\" height=\"223\" src=\"https:\/\/marcus.sk\/blog\/wp-content\/uploads\/2026\/01\/perforovany-fasadny-omega-profil-z-hlinika-300-m-1-300x223.jpg\" class=\"attachment-medium size-medium\" alt=\"Perforovan\u00fd fas\u00e1dny omega profil z hlin\u00edka\" aria-describedby=\"gallery-6-21350\" srcset=\"https:\/\/marcus.sk\/blog\/wp-content\/uploads\/2026\/01\/perforovany-fasadny-omega-profil-z-hlinika-300-m-1-300x223.jpg 300w, https:\/\/marcus.sk\/blog\/wp-content\/uploads\/2026\/01\/perforovany-fasadny-omega-profil-z-hlinika-300-m-1.jpg 508w\" sizes=\"auto, (max-width: 300px) 100vw, 300px\" data-attachment-id=\"21350\" data-permalink=\"https:\/\/marcus.sk\/blog\/dizajnove-a-akusticke-steny-marcus\/perforovany-fasadny-omega-profil-z-hlinika-300-m-1-2\/\" data-orig-file=\"https:\/\/marcus.sk\/blog\/wp-content\/uploads\/2026\/01\/perforovany-fasadny-omega-profil-z-hlinika-300-m-1.jpg\" data-orig-size=\"508,378\" data-comments-opened=\"1\" data-image-meta=\"{&quot;aperture&quot;:&quot;0&quot;,&quot;credit&quot;:&quot;&quot;,&quot;camera&quot;:&quot;&quot;,&quot;caption&quot;:&quot;&quot;,&quot;created_timestamp&quot;:&quot;0&quot;,&quot;copyright&quot;:&quot;&quot;,&quot;focal_length&quot;:&quot;0&quot;,&quot;iso&quot;:&quot;0&quot;,&quot;shutter_speed&quot;:&quot;0&quot;,&quot;title&quot;:&quot;&quot;,&quot;orientation&quot;:&quot;1&quot;}\" data-image-title=\"Perforovan\u00fd fas\u00e1dny omega profil z hlin\u00edka\" data-image-description=\"&lt;p&gt;Perforovan\u00fd fas\u00e1dny omega profil z hlin\u00edka&lt;\/p&gt;\n\" data-image-caption=\"&lt;p&gt;Perforovan\u00fd fas\u00e1dny omega profil z hlin\u00edka&lt;\/p&gt;\n\" data-medium-file=\"https:\/\/marcus.sk\/blog\/wp-content\/uploads\/2026\/01\/perforovany-fasadny-omega-profil-z-hlinika-300-m-1-300x223.jpg\" data-large-file=\"https:\/\/marcus.sk\/blog\/wp-content\/uploads\/2026\/01\/perforovany-fasadny-omega-profil-z-hlinika-300-m-1.jpg\" \/><\/a>\n\t\t\t<\/div>\n\t\t\t\t<figcaption class='wp-caption-text gallery-caption' id='gallery-6-21350'>\n\t\t\t\tPerforovan\u00fd fas\u00e1dny omega profil z hlin\u00edka\n\t\t\t\t<\/figcaption><\/figure><figure class='gallery-item'>\n\t\t\t<div class='gallery-icon landscape'>\n\t\t\t\t<a href='https:\/\/marcus.sk\/blog\/dizajnove-a-akusticke-steny-marcus\/perforovany-fasadny-omega-profil-z-hlinika-300-m-2\/'><img loading=\"lazy\" decoding=\"async\" width=\"300\" height=\"224\" src=\"https:\/\/marcus.sk\/blog\/wp-content\/uploads\/2026\/01\/perforovany-fasadny-omega-profil-z-hlinika-300-m-e1768032619430-300x224.jpg\" class=\"attachment-medium size-medium\" alt=\"Perforovan\u00fd fas\u00e1dny omega profil z hlin\u00edka\" aria-describedby=\"gallery-6-21342\" srcset=\"https:\/\/marcus.sk\/blog\/wp-content\/uploads\/2026\/01\/perforovany-fasadny-omega-profil-z-hlinika-300-m-e1768032619430-300x224.jpg 300w, https:\/\/marcus.sk\/blog\/wp-content\/uploads\/2026\/01\/perforovany-fasadny-omega-profil-z-hlinika-300-m-e1768032619430.jpg 603w\" sizes=\"auto, (max-width: 300px) 100vw, 300px\" data-attachment-id=\"21342\" data-permalink=\"https:\/\/marcus.sk\/blog\/dizajnove-a-akusticke-steny-marcus\/perforovany-fasadny-omega-profil-z-hlinika-300-m-2\/\" data-orig-file=\"https:\/\/marcus.sk\/blog\/wp-content\/uploads\/2026\/01\/perforovany-fasadny-omega-profil-z-hlinika-300-m-e1768032619430.jpg\" data-orig-size=\"603,451\" data-comments-opened=\"1\" data-image-meta=\"{&quot;aperture&quot;:&quot;0&quot;,&quot;credit&quot;:&quot;&quot;,&quot;camera&quot;:&quot;&quot;,&quot;caption&quot;:&quot;&quot;,&quot;created_timestamp&quot;:&quot;0&quot;,&quot;copyright&quot;:&quot;&quot;,&quot;focal_length&quot;:&quot;0&quot;,&quot;iso&quot;:&quot;0&quot;,&quot;shutter_speed&quot;:&quot;0&quot;,&quot;title&quot;:&quot;&quot;,&quot;orientation&quot;:&quot;0&quot;}\" data-image-title=\"perforovany-fasadny-omega-profil-z-hlinika-300-m\" data-image-description=\"&lt;p&gt;Perforovan\u00fd fas\u00e1dny omega profil z hlin\u00edka&lt;\/p&gt;\n\" data-image-caption=\"&lt;p&gt;Perforovan\u00fd fas\u00e1dny omega profil z hlin\u00edka&lt;\/p&gt;\n\" data-medium-file=\"https:\/\/marcus.sk\/blog\/wp-content\/uploads\/2026\/01\/perforovany-fasadny-omega-profil-z-hlinika-300-m-e1768032619430-300x224.jpg\" data-large-file=\"https:\/\/marcus.sk\/blog\/wp-content\/uploads\/2026\/01\/perforovany-fasadny-omega-profil-z-hlinika-300-m-e1768032619430.jpg\" \/><\/a>\n\t\t\t<\/div>\n\t\t\t\t<figcaption class='wp-caption-text gallery-caption' id='gallery-6-21342'>\n\t\t\t\tPerforovan\u00fd fas\u00e1dny omega profil z hlin\u00edka\n\t\t\t\t<\/figcaption><\/figure><figure class='gallery-item'>\n\t\t\t<div class='gallery-icon landscape'>\n\t\t\t\t<a href='https:\/\/marcus.sk\/blog\/dolezite-detaily-v-interieri-od-spolocnosti-protektor\/img20231109140243\/'><img loading=\"lazy\" decoding=\"async\" width=\"300\" height=\"169\" src=\"https:\/\/marcus.sk\/blog\/wp-content\/uploads\/2023\/11\/IMG20231109140243-300x169.jpg\" class=\"attachment-medium size-medium\" alt=\"Akustick\u00fd HUT PRofily\" aria-describedby=\"gallery-6-5867\" srcset=\"https:\/\/marcus.sk\/blog\/wp-content\/uploads\/2023\/11\/IMG20231109140243-300x169.jpg 300w, https:\/\/marcus.sk\/blog\/wp-content\/uploads\/2023\/11\/IMG20231109140243-1024x578.jpg 1024w, https:\/\/marcus.sk\/blog\/wp-content\/uploads\/2023\/11\/IMG20231109140243-768x433.jpg 768w, https:\/\/marcus.sk\/blog\/wp-content\/uploads\/2023\/11\/IMG20231109140243-1536x866.jpg 1536w, https:\/\/marcus.sk\/blog\/wp-content\/uploads\/2023\/11\/IMG20231109140243-2048x1155.jpg 2048w\" sizes=\"auto, (max-width: 300px) 100vw, 300px\" data-attachment-id=\"5867\" data-permalink=\"https:\/\/marcus.sk\/blog\/dolezite-detaily-v-interieri-od-spolocnosti-protektor\/img20231109140243\/\" data-orig-file=\"https:\/\/marcus.sk\/blog\/wp-content\/uploads\/2023\/11\/IMG20231109140243-scaled.jpg\" data-orig-size=\"2560,1444\" data-comments-opened=\"1\" data-image-meta=\"{&quot;aperture&quot;:&quot;1.7&quot;,&quot;credit&quot;:&quot;&quot;,&quot;camera&quot;:&quot;OPPO Reno5 Z&quot;,&quot;caption&quot;:&quot;&quot;,&quot;created_timestamp&quot;:&quot;1699538563&quot;,&quot;copyright&quot;:&quot;&quot;,&quot;focal_length&quot;:&quot;4.71&quot;,&quot;iso&quot;:&quot;731&quot;,&quot;shutter_speed&quot;:&quot;0.020003&quot;,&quot;title&quot;:&quot;&quot;,&quot;orientation&quot;:&quot;1&quot;}\" data-image-title=\"IMG20231109140243\" data-image-description=\"&lt;p&gt;Akustick\u00fd HUT PRofily&lt;\/p&gt;\n\" data-image-caption=\"&lt;p&gt;Akustick\u00fd HUT PRofily&lt;\/p&gt;\n\" data-medium-file=\"https:\/\/marcus.sk\/blog\/wp-content\/uploads\/2023\/11\/IMG20231109140243-300x169.jpg\" data-large-file=\"https:\/\/marcus.sk\/blog\/wp-content\/uploads\/2023\/11\/IMG20231109140243-1024x578.jpg\" \/><\/a>\n\t\t\t<\/div>\n\t\t\t\t<figcaption class='wp-caption-text gallery-caption' id='gallery-6-5867'>\n\t\t\t\tAkustick\u00fd HUT PRofily\n\t\t\t\t<\/figcaption><\/figure><figure class='gallery-item'>\n\t\t\t<div class='gallery-icon landscape'>\n\t\t\t\t<a href='https:\/\/marcus.sk\/blog\/hut-profil\/hut-profil-jpg\/'><img loading=\"lazy\" decoding=\"async\" width=\"300\" height=\"235\" src=\"https:\/\/marcus.sk\/blog\/wp-content\/uploads\/2018\/03\/hut-profil-jpg-e1768030984917-300x235.jpg\" class=\"attachment-medium size-medium\" alt=\"Akustick\u00fd HUT Profil\" aria-describedby=\"gallery-6-1829\" srcset=\"https:\/\/marcus.sk\/blog\/wp-content\/uploads\/2018\/03\/hut-profil-jpg-e1768030984917-300x235.jpg 300w, https:\/\/marcus.sk\/blog\/wp-content\/uploads\/2018\/03\/hut-profil-jpg-e1768030984917-768x601.jpg 768w, https:\/\/marcus.sk\/blog\/wp-content\/uploads\/2018\/03\/hut-profil-jpg-e1768030984917.jpg 865w\" sizes=\"auto, (max-width: 300px) 100vw, 300px\" data-attachment-id=\"1829\" data-permalink=\"https:\/\/marcus.sk\/blog\/hut-profil\/hut-profil-jpg\/\" data-orig-file=\"https:\/\/marcus.sk\/blog\/wp-content\/uploads\/2018\/03\/hut-profil-jpg-e1768030984917.jpg\" data-orig-size=\"865,677\" data-comments-opened=\"1\" data-image-meta=\"{&quot;aperture&quot;:&quot;0&quot;,&quot;credit&quot;:&quot;&quot;,&quot;camera&quot;:&quot;&quot;,&quot;caption&quot;:&quot;&quot;,&quot;created_timestamp&quot;:&quot;0&quot;,&quot;copyright&quot;:&quot;&quot;,&quot;focal_length&quot;:&quot;0&quot;,&quot;iso&quot;:&quot;0&quot;,&quot;shutter_speed&quot;:&quot;0&quot;,&quot;title&quot;:&quot;&quot;,&quot;orientation&quot;:&quot;0&quot;}\" data-image-title=\"hut profil jpg\" data-image-description=\"&lt;p&gt;Akustick\u00fd HUT Profil&lt;\/p&gt;\n\" data-image-caption=\"&lt;p&gt;HUT profil&lt;\/p&gt;\n\" data-medium-file=\"https:\/\/marcus.sk\/blog\/wp-content\/uploads\/2018\/03\/hut-profil-jpg-e1768030984917-300x235.jpg\" data-large-file=\"https:\/\/marcus.sk\/blog\/wp-content\/uploads\/2018\/03\/hut-profil-jpg-e1768030984917.jpg\" \/><\/a>\n\t\t\t<\/div>\n\t\t\t\t<figcaption class='wp-caption-text gallery-caption' id='gallery-6-1829'>\n\t\t\t\tHUT profil\n\t\t\t\t<\/figcaption><\/figure>\n\t\t<\/div>\n\n<p>&nbsp;<\/p>\n<h3>Vizualiz\u00e1cia predsadenej steny<\/h3>\n<p>Pozrite si r\u00f4zne tvary zrealizovan\u00fdch predsaden\u00fdch stien. Jednoducho zatrakt\u00edvnite si svoj byt alebo aspo\u0148 len svoju ob\u00fdva\u010dku. Zauj\u00edmav\u00e1 je kombin\u00e1cie tie\u0148ov\u00fdch \u0161p\u00e1r, ktor\u00e9 odde\u013euj\u00fa plochy farebne. Alebo \u010fal\u0161ia mo\u017enos\u0165 je pou\u017ei\u0165 tie\u0148ov\u00fa \u0161p\u00e1ru ako prvok na integr\u00e1ciu led svietidiel. Fant\u00e1zii sa medze neklad\u00fa.<\/p>\n<div data-carousel-extra='{&quot;blog_id&quot;:1,&quot;permalink&quot;:&quot;https:\/\/marcus.sk\/blog\/dizajnove-a-akusticke-steny-marcus\/&quot;}' id='gallery-7' class='gallery galleryid-18579 gallery-columns-2 gallery-size-medium'><figure class='gallery-item'>\n\t\t\t<div class='gallery-icon portrait'>\n\t\t\t\t<a href='https:\/\/marcus.sk\/blog\/dizajnove-a-akusticke-steny-marcus\/hexagonovy-vzor-01-2\/'><img loading=\"lazy\" decoding=\"async\" width=\"297\" height=\"300\" src=\"https:\/\/marcus.sk\/blog\/wp-content\/uploads\/2025\/03\/hexagonovy-vzor-01-1-297x300.jpg\" class=\"attachment-medium size-medium\" alt=\"\" srcset=\"https:\/\/marcus.sk\/blog\/wp-content\/uploads\/2025\/03\/hexagonovy-vzor-01-1-297x300.jpg 297w, https:\/\/marcus.sk\/blog\/wp-content\/uploads\/2025\/03\/hexagonovy-vzor-01-1-768x776.jpg 768w, https:\/\/marcus.sk\/blog\/wp-content\/uploads\/2025\/03\/hexagonovy-vzor-01-1.jpg 866w\" sizes=\"auto, (max-width: 297px) 100vw, 297px\" data-attachment-id=\"18637\" data-permalink=\"https:\/\/marcus.sk\/blog\/dizajnove-a-akusticke-steny-marcus\/hexagonovy-vzor-01-2\/\" data-orig-file=\"https:\/\/marcus.sk\/blog\/wp-content\/uploads\/2025\/03\/hexagonovy-vzor-01-1.jpg\" data-orig-size=\"866,875\" data-comments-opened=\"1\" data-image-meta=\"{&quot;aperture&quot;:&quot;0&quot;,&quot;credit&quot;:&quot;&quot;,&quot;camera&quot;:&quot;&quot;,&quot;caption&quot;:&quot;&quot;,&quot;created_timestamp&quot;:&quot;0&quot;,&quot;copyright&quot;:&quot;&quot;,&quot;focal_length&quot;:&quot;0&quot;,&quot;iso&quot;:&quot;0&quot;,&quot;shutter_speed&quot;:&quot;0&quot;,&quot;title&quot;:&quot;&quot;,&quot;orientation&quot;:&quot;0&quot;}\" data-image-title=\"hexagonovy-vzor-01\" data-image-description=\"\" data-image-caption=\"\" data-medium-file=\"https:\/\/marcus.sk\/blog\/wp-content\/uploads\/2025\/03\/hexagonovy-vzor-01-1-297x300.jpg\" data-large-file=\"https:\/\/marcus.sk\/blog\/wp-content\/uploads\/2025\/03\/hexagonovy-vzor-01-1.jpg\" \/><\/a>\n\t\t\t<\/div><\/figure><figure class='gallery-item'>\n\t\t\t<div class='gallery-icon landscape'>\n\t\t\t\t<a href='https:\/\/marcus.sk\/blog\/dizajnove-a-akusticke-steny-marcus\/cw_7-2\/'><img loading=\"lazy\" decoding=\"async\" width=\"300\" height=\"200\" src=\"https:\/\/marcus.sk\/blog\/wp-content\/uploads\/2025\/03\/CW_7-1-300x200.jpg\" class=\"attachment-medium size-medium\" alt=\"\" aria-describedby=\"gallery-7-18616\" srcset=\"https:\/\/marcus.sk\/blog\/wp-content\/uploads\/2025\/03\/CW_7-1-300x200.jpg 300w, https:\/\/marcus.sk\/blog\/wp-content\/uploads\/2025\/03\/CW_7-1-1024x683.jpg 1024w, https:\/\/marcus.sk\/blog\/wp-content\/uploads\/2025\/03\/CW_7-1-768x512.jpg 768w, https:\/\/marcus.sk\/blog\/wp-content\/uploads\/2025\/03\/CW_7-1.jpg 1280w\" sizes=\"auto, (max-width: 300px) 100vw, 300px\" data-attachment-id=\"18616\" data-permalink=\"https:\/\/marcus.sk\/blog\/dizajnove-a-akusticke-steny-marcus\/cw_7-2\/\" data-orig-file=\"https:\/\/marcus.sk\/blog\/wp-content\/uploads\/2025\/03\/CW_7-1.jpg\" data-orig-size=\"1280,854\" data-comments-opened=\"1\" data-image-meta=\"{&quot;aperture&quot;:&quot;16&quot;,&quot;credit&quot;:&quot;&quot;,&quot;camera&quot;:&quot;NIKON D810&quot;,&quot;caption&quot;:&quot;&quot;,&quot;created_timestamp&quot;:&quot;1411093410&quot;,&quot;copyright&quot;:&quot;&quot;,&quot;focal_length&quot;:&quot;16&quot;,&quot;iso&quot;:&quot;64&quot;,&quot;shutter_speed&quot;:&quot;2.5&quot;,&quot;title&quot;:&quot;&quot;,&quot;orientation&quot;:&quot;1&quot;}\" data-image-title=\"CW_7\" data-image-description=\"\" data-image-caption=\"&lt;p&gt;Horiznt\u00e1lne panely &lt;\/p&gt;\n\" data-medium-file=\"https:\/\/marcus.sk\/blog\/wp-content\/uploads\/2025\/03\/CW_7-1-300x200.jpg\" data-large-file=\"https:\/\/marcus.sk\/blog\/wp-content\/uploads\/2025\/03\/CW_7-1-1024x683.jpg\" \/><\/a>\n\t\t\t<\/div>\n\t\t\t\t<figcaption class='wp-caption-text gallery-caption' id='gallery-7-18616'>\n\t\t\t\tHoriznt\u00e1lne panely \n\t\t\t\t<\/figcaption><\/figure><figure class='gallery-item'>\n\t\t\t<div class='gallery-icon landscape'>\n\t\t\t\t<a href='https:\/\/marcus.sk\/blog\/tienovy-sparovy-profil\/tienovy-sparovy-profil-0\/'><img loading=\"lazy\" decoding=\"async\" width=\"300\" height=\"184\" src=\"https:\/\/marcus.sk\/blog\/wp-content\/uploads\/2020\/06\/Tienovy-sparovy-profil-0-300x184.jpg\" class=\"attachment-medium size-medium\" alt=\"Tie\u0148ov\u00fd \u0161p\u00e1rov\u00fd profil\" aria-describedby=\"gallery-7-3714\" srcset=\"https:\/\/marcus.sk\/blog\/wp-content\/uploads\/2020\/06\/Tienovy-sparovy-profil-0-300x184.jpg 300w, https:\/\/marcus.sk\/blog\/wp-content\/uploads\/2020\/06\/Tienovy-sparovy-profil-0-348x215.jpg 348w, https:\/\/marcus.sk\/blog\/wp-content\/uploads\/2020\/06\/Tienovy-sparovy-profil-0.jpg 566w\" sizes=\"auto, (max-width: 300px) 100vw, 300px\" data-attachment-id=\"3714\" data-permalink=\"https:\/\/marcus.sk\/blog\/tienovy-sparovy-profil\/tienovy-sparovy-profil-0\/\" data-orig-file=\"https:\/\/marcus.sk\/blog\/wp-content\/uploads\/2020\/06\/Tienovy-sparovy-profil-0.jpg\" data-orig-size=\"566,347\" data-comments-opened=\"1\" data-image-meta=\"{&quot;aperture&quot;:&quot;0&quot;,&quot;credit&quot;:&quot;Filip Urbanik&quot;,&quot;camera&quot;:&quot;&quot;,&quot;caption&quot;:&quot;&quot;,&quot;created_timestamp&quot;:&quot;1636727999&quot;,&quot;copyright&quot;:&quot;&quot;,&quot;focal_length&quot;:&quot;0&quot;,&quot;iso&quot;:&quot;0&quot;,&quot;shutter_speed&quot;:&quot;0&quot;,&quot;title&quot;:&quot;&quot;,&quot;orientation&quot;:&quot;0&quot;}\" data-image-title=\"Tie\u0148ov\u00fd \u0161p\u00e1rov\u00fd profil 0\" data-image-description=\"\" data-image-caption=\"&lt;p&gt;Pou\u017eitie tie\u0148ov\u00e9ho \u0161p\u00e1rov\u00e9ho profilu s medzerou&lt;\/p&gt;\n\" data-medium-file=\"https:\/\/marcus.sk\/blog\/wp-content\/uploads\/2020\/06\/Tienovy-sparovy-profil-0-300x184.jpg\" data-large-file=\"https:\/\/marcus.sk\/blog\/wp-content\/uploads\/2020\/06\/Tienovy-sparovy-profil-0.jpg\" \/><\/a>\n\t\t\t<\/div>\n\t\t\t\t<figcaption class='wp-caption-text gallery-caption' id='gallery-7-3714'>\n\t\t\t\tPou\u017eitie tie\u0148ov\u00e9ho \u0161p\u00e1rov\u00e9ho profilu s medzerou\n\t\t\t\t<\/figcaption><\/figure><figure class='gallery-item'>\n\t\t\t<div class='gallery-icon landscape'>\n\t\t\t\t<a href='https:\/\/marcus.sk\/blog\/tienovy-sparovy-profil\/img20241107125711\/'><img loading=\"lazy\" decoding=\"async\" width=\"300\" height=\"178\" src=\"https:\/\/marcus.sk\/blog\/wp-content\/uploads\/2020\/06\/IMG20241107125711-scaled-e1768029214983-300x178.jpg\" class=\"attachment-medium size-medium\" alt=\"Tie\u0148ov\u00e1 \u0161p\u00e1ra v ploche steny s LED svietidlom\" aria-describedby=\"gallery-7-17433\" srcset=\"https:\/\/marcus.sk\/blog\/wp-content\/uploads\/2020\/06\/IMG20241107125711-scaled-e1768029214983-300x178.jpg 300w, https:\/\/marcus.sk\/blog\/wp-content\/uploads\/2020\/06\/IMG20241107125711-scaled-e1768029214983-1024x608.jpg 1024w, https:\/\/marcus.sk\/blog\/wp-content\/uploads\/2020\/06\/IMG20241107125711-scaled-e1768029214983-768x456.jpg 768w, https:\/\/marcus.sk\/blog\/wp-content\/uploads\/2020\/06\/IMG20241107125711-scaled-e1768029214983-1536x912.jpg 1536w, https:\/\/marcus.sk\/blog\/wp-content\/uploads\/2020\/06\/IMG20241107125711-scaled-e1768029214983.jpg 1940w\" sizes=\"auto, (max-width: 300px) 100vw, 300px\" data-attachment-id=\"17433\" data-permalink=\"https:\/\/marcus.sk\/blog\/tienovy-sparovy-profil\/img20241107125711\/\" data-orig-file=\"https:\/\/marcus.sk\/blog\/wp-content\/uploads\/2020\/06\/IMG20241107125711-scaled-e1768029214983.jpg\" data-orig-size=\"1940,1152\" data-comments-opened=\"1\" data-image-meta=\"{&quot;aperture&quot;:&quot;1.7&quot;,&quot;credit&quot;:&quot;&quot;,&quot;camera&quot;:&quot;OPPO Reno5 Z&quot;,&quot;caption&quot;:&quot;&quot;,&quot;created_timestamp&quot;:&quot;1730984231&quot;,&quot;copyright&quot;:&quot;&quot;,&quot;focal_length&quot;:&quot;4.71&quot;,&quot;iso&quot;:&quot;288&quot;,&quot;shutter_speed&quot;:&quot;0.020003&quot;,&quot;title&quot;:&quot;&quot;,&quot;orientation&quot;:&quot;1&quot;}\" data-image-title=\"IMG20241107125711\" data-image-description=\"&lt;p&gt;Tie\u0148ov\u00e1 \u0161p\u00e1ra v ploche steny s LED svietidlom &lt;\/p&gt;\n\" data-image-caption=\"&lt;p&gt;Tie\u0148ov\u00e1 \u0161p\u00e1ra v ploche steny s LED svietidlom &lt;\/p&gt;\n\" data-medium-file=\"https:\/\/marcus.sk\/blog\/wp-content\/uploads\/2020\/06\/IMG20241107125711-scaled-e1768029214983-300x178.jpg\" data-large-file=\"https:\/\/marcus.sk\/blog\/wp-content\/uploads\/2020\/06\/IMG20241107125711-scaled-e1768029214983-1024x608.jpg\" \/><\/a>\n\t\t\t<\/div>\n\t\t\t\t<figcaption class='wp-caption-text gallery-caption' id='gallery-7-17433'>\n\t\t\t\tTie\u0148ov\u00e1 \u0161p\u00e1ra v ploche steny s LED svietidlom \n\t\t\t\t<\/figcaption><\/figure><figure class='gallery-item'>\n\t\t\t<div class='gallery-icon landscape'>\n\t\t\t\t<a href='https:\/\/marcus.sk\/blog\/dizajnove-a-akusticke-steny-marcus\/easyboard-03\/'><img loading=\"lazy\" decoding=\"async\" width=\"300\" height=\"200\" src=\"https:\/\/marcus.sk\/blog\/wp-content\/uploads\/2025\/03\/easyboard-03-300x200.jpg\" class=\"attachment-medium size-medium\" alt=\"Farebn\u00e9 3d panely KNAUF\" aria-describedby=\"gallery-7-18612\" srcset=\"https:\/\/marcus.sk\/blog\/wp-content\/uploads\/2025\/03\/easyboard-03-300x200.jpg 300w, https:\/\/marcus.sk\/blog\/wp-content\/uploads\/2025\/03\/easyboard-03-1024x684.jpg 1024w, https:\/\/marcus.sk\/blog\/wp-content\/uploads\/2025\/03\/easyboard-03-768x513.jpg 768w, https:\/\/marcus.sk\/blog\/wp-content\/uploads\/2025\/03\/easyboard-03.jpg 1317w\" sizes=\"auto, (max-width: 300px) 100vw, 300px\" data-attachment-id=\"18612\" data-permalink=\"https:\/\/marcus.sk\/blog\/dizajnove-a-akusticke-steny-marcus\/easyboard-03\/\" data-orig-file=\"https:\/\/marcus.sk\/blog\/wp-content\/uploads\/2025\/03\/easyboard-03.jpg\" data-orig-size=\"1317,880\" data-comments-opened=\"1\" data-image-meta=\"{&quot;aperture&quot;:&quot;0&quot;,&quot;credit&quot;:&quot;&quot;,&quot;camera&quot;:&quot;&quot;,&quot;caption&quot;:&quot;&quot;,&quot;created_timestamp&quot;:&quot;0&quot;,&quot;copyright&quot;:&quot;&quot;,&quot;focal_length&quot;:&quot;0&quot;,&quot;iso&quot;:&quot;0&quot;,&quot;shutter_speed&quot;:&quot;0&quot;,&quot;title&quot;:&quot;&quot;,&quot;orientation&quot;:&quot;0&quot;}\" data-image-title=\"easyboard-03\" data-image-description=\"&lt;p&gt;Farebn\u00e9 3d panely KNAUF&lt;\/p&gt;\n\" data-image-caption=\"&lt;p&gt;Panely z heraklitu&lt;\/p&gt;\n\" data-medium-file=\"https:\/\/marcus.sk\/blog\/wp-content\/uploads\/2025\/03\/easyboard-03-300x200.jpg\" data-large-file=\"https:\/\/marcus.sk\/blog\/wp-content\/uploads\/2025\/03\/easyboard-03-1024x684.jpg\" \/><\/a>\n\t\t\t<\/div>\n\t\t\t\t<figcaption class='wp-caption-text gallery-caption' id='gallery-7-18612'>\n\t\t\t\tPanely z heraklitu\n\t\t\t\t<\/figcaption><\/figure><figure class='gallery-item'>\n\t\t\t<div class='gallery-icon landscape'>\n\t\t\t\t<a href='https:\/\/marcus.sk\/blog\/dizajnove-a-akusticke-steny-marcus\/snimka-obrazovky-2025-03-15-145535\/'><img loading=\"lazy\" decoding=\"async\" width=\"300\" height=\"225\" src=\"https:\/\/marcus.sk\/blog\/wp-content\/uploads\/2025\/03\/Snimka-obrazovky-2025-03-15-145535-e1768029153495-300x225.jpg\" class=\"attachment-medium size-medium\" alt=\"Farebn\u00e9 3d panely KNAUF\" aria-describedby=\"gallery-7-18645\" srcset=\"https:\/\/marcus.sk\/blog\/wp-content\/uploads\/2025\/03\/Snimka-obrazovky-2025-03-15-145535-e1768029153495-300x225.jpg 300w, https:\/\/marcus.sk\/blog\/wp-content\/uploads\/2025\/03\/Snimka-obrazovky-2025-03-15-145535-e1768029153495.jpg 315w\" sizes=\"auto, (max-width: 300px) 100vw, 300px\" data-attachment-id=\"18645\" data-permalink=\"https:\/\/marcus.sk\/blog\/dizajnove-a-akusticke-steny-marcus\/snimka-obrazovky-2025-03-15-145535\/\" data-orig-file=\"https:\/\/marcus.sk\/blog\/wp-content\/uploads\/2025\/03\/Snimka-obrazovky-2025-03-15-145535-e1768029153495.jpg\" data-orig-size=\"315,236\" data-comments-opened=\"1\" data-image-meta=\"{&quot;aperture&quot;:&quot;0&quot;,&quot;credit&quot;:&quot;&quot;,&quot;camera&quot;:&quot;&quot;,&quot;caption&quot;:&quot;&quot;,&quot;created_timestamp&quot;:&quot;0&quot;,&quot;copyright&quot;:&quot;&quot;,&quot;focal_length&quot;:&quot;0&quot;,&quot;iso&quot;:&quot;0&quot;,&quot;shutter_speed&quot;:&quot;0&quot;,&quot;title&quot;:&quot;&quot;,&quot;orientation&quot;:&quot;0&quot;}\" data-image-title=\"Sn\u00edmka obrazovky 2025-03-15 145535\" data-image-description=\"&lt;p&gt;Farebn\u00e9 3d panely KNAUF&lt;\/p&gt;\n\" data-image-caption=\"&lt;p&gt;Farebn\u00e9 3d panely KNAUF&lt;\/p&gt;\n\" data-medium-file=\"https:\/\/marcus.sk\/blog\/wp-content\/uploads\/2025\/03\/Snimka-obrazovky-2025-03-15-145535-e1768029153495-300x225.jpg\" data-large-file=\"https:\/\/marcus.sk\/blog\/wp-content\/uploads\/2025\/03\/Snimka-obrazovky-2025-03-15-145535-e1768029153495.jpg\" \/><\/a>\n\t\t\t<\/div>\n\t\t\t\t<figcaption class='wp-caption-text gallery-caption' id='gallery-7-18645'>\n\t\t\t\tFarebn\u00e9 3d panely KNAUF\n\t\t\t\t<\/figcaption><\/figure>\n\t\t<\/div>\n\n<p>Budeme radi, ke\u010f sme v\u00e1s t\u00fdmto \u010dl\u00e1nkom in\u0161pirovali a budeme e\u0161te rad\u0161ej, ke\u010f n\u00e1s in\u0161pirujete vy, va\u0161imi reakciami a pr\u00edspevkami. Napr\u00edklad tu v koment\u00e1roch alebo na soci\u00e1lnych sie\u0165ach.<\/p>\n<p>&nbsp;<\/p>\n","protected":false},"excerpt":{"rendered":"<p>Pre\u010do pou\u017ei\u0165 interi\u00e9rov\u00e9 dizajnov\u00e9 prvky zo sadrokart\u00f3nu? Ak ste investor alebo mlad\u00fd \u010dlovek, ktor\u00fd si chce k\u00fapi\u0165 alebo upravi\u0165 svoj byt pod\u013ea nov\u00fdch trendov, pr\u00e1ve tento \u010dl\u00e1nok V\u00e1m pom\u00f4\u017ee zorientova\u0165 &hellip; <\/p>\n","protected":false},"author":1,"featured_media":18629,"comment_status":"open","ping_status":"open","sticky":false,"template":"","format":"standard","meta":{"_jetpack_memberships_contains_paid_content":false,"footnotes":""},"categories":[21],"tags":[811],"class_list":["post-18579","post","type-post","status-publish","format-standard","has-post-thumbnail","hentry","category-interierovy-dizajn","tag-dizajn"],"yoast_head":"<!-- This site is optimized with the Yoast SEO plugin v27.3 - https:\/\/yoast.com\/product\/yoast-seo-wordpress\/ -->\n<title>Dizajnov\u00e9 a akustick\u00e9 steny MARCUS - Marcus blog<\/title>\n<meta name=\"description\" content=\"Trendy interierov\u00e9ho dizajnu a kon\u0161trukcie zo sadrokart\u00f3nu a zoh\u013eadnenie akustick\u00fdch po\u017eiadaviek na materi\u00e1ly v interi\u00e9ry\" \/>\n<meta name=\"robots\" content=\"index, follow, max-snippet:-1, max-image-preview:large, max-video-preview:-1\" \/>\n<link rel=\"canonical\" href=\"https:\/\/marcus.sk\/blog\/dizajnove-a-akusticke-steny-marcus\/\" \/>\n<meta property=\"og:locale\" content=\"sk_SK\" \/>\n<meta property=\"og:type\" content=\"article\" \/>\n<meta property=\"og:title\" content=\"Dizajnov\u00e9 a akustick\u00e9 steny MARCUS - Marcus blog\" \/>\n<meta property=\"og:description\" content=\"Trendy interierov\u00e9ho dizajnu a kon\u0161trukcie zo sadrokart\u00f3nu a zoh\u013eadnenie akustick\u00fdch po\u017eiadaviek na materi\u00e1ly v interi\u00e9ry\" \/>\n<meta property=\"og:url\" content=\"https:\/\/marcus.sk\/blog\/dizajnove-a-akusticke-steny-marcus\/\" \/>\n<meta property=\"og:site_name\" content=\"Marcus blog\" \/>\n<meta property=\"article:author\" content=\"https:\/\/www.facebook.com\/staviame.dom.marcus.sk\/\" \/>\n<meta property=\"article:published_time\" content=\"2026-01-14T05:10:08+00:00\" \/>\n<meta property=\"og:image\" content=\"https:\/\/marcus.sk\/blog\/wp-content\/uploads\/2025\/03\/hexagonovy-vzor-01.jpg\" \/>\n\t<meta property=\"og:image:width\" content=\"866\" \/>\n\t<meta property=\"og:image:height\" content=\"875\" \/>\n\t<meta property=\"og:image:type\" content=\"image\/jpeg\" \/>\n<meta name=\"author\" content=\"Marek Pjen\u010dak\" \/>\n<meta name=\"twitter:card\" content=\"summary_large_image\" \/>\n<meta name=\"twitter:label1\" content=\"Autor\" \/>\n\t<meta name=\"twitter:data1\" content=\"Marek Pjen\u010dak\" \/>\n\t<meta name=\"twitter:label2\" content=\"Predpokladan\u00fd \u010das \u010d\u00edtania\" \/>\n\t<meta name=\"twitter:data2\" content=\"4 min\u00faty\" \/>\n<script type=\"application\/ld+json\" class=\"yoast-schema-graph\">{\"@context\":\"https:\\\/\\\/schema.org\",\"@graph\":[{\"@type\":\"Article\",\"@id\":\"https:\\\/\\\/marcus.sk\\\/blog\\\/dizajnove-a-akusticke-steny-marcus\\\/#article\",\"isPartOf\":{\"@id\":\"https:\\\/\\\/marcus.sk\\\/blog\\\/dizajnove-a-akusticke-steny-marcus\\\/\"},\"author\":{\"name\":\"Marek Pjen\u010dak\",\"@id\":\"https:\\\/\\\/marcus.sk\\\/blog\\\/#\\\/schema\\\/person\\\/d3642aca8e2d47ac4f660a56cecd487f\"},\"headline\":\"Dizajnov\u00e9 a akustick\u00e9 steny MARCUS\",\"datePublished\":\"2026-01-14T05:10:08+00:00\",\"mainEntityOfPage\":{\"@id\":\"https:\\\/\\\/marcus.sk\\\/blog\\\/dizajnove-a-akusticke-steny-marcus\\\/\"},\"wordCount\":837,\"commentCount\":0,\"publisher\":{\"@id\":\"https:\\\/\\\/marcus.sk\\\/blog\\\/#organization\"},\"image\":{\"@id\":\"https:\\\/\\\/marcus.sk\\\/blog\\\/dizajnove-a-akusticke-steny-marcus\\\/#primaryimage\"},\"thumbnailUrl\":\"https:\\\/\\\/marcus.sk\\\/blog\\\/wp-content\\\/uploads\\\/2025\\\/03\\\/hexagonovy-vzor-01.jpg\",\"keywords\":[\"dizajn\"],\"articleSection\":[\"Interierov\u00fd dizajn\"],\"inLanguage\":\"sk-SK\",\"potentialAction\":[{\"@type\":\"CommentAction\",\"name\":\"Comment\",\"target\":[\"https:\\\/\\\/marcus.sk\\\/blog\\\/dizajnove-a-akusticke-steny-marcus\\\/#respond\"]}]},{\"@type\":\"WebPage\",\"@id\":\"https:\\\/\\\/marcus.sk\\\/blog\\\/dizajnove-a-akusticke-steny-marcus\\\/\",\"url\":\"https:\\\/\\\/marcus.sk\\\/blog\\\/dizajnove-a-akusticke-steny-marcus\\\/\",\"name\":\"Dizajnov\u00e9 a akustick\u00e9 steny MARCUS - Marcus blog\",\"isPartOf\":{\"@id\":\"https:\\\/\\\/marcus.sk\\\/blog\\\/#website\"},\"primaryImageOfPage\":{\"@id\":\"https:\\\/\\\/marcus.sk\\\/blog\\\/dizajnove-a-akusticke-steny-marcus\\\/#primaryimage\"},\"image\":{\"@id\":\"https:\\\/\\\/marcus.sk\\\/blog\\\/dizajnove-a-akusticke-steny-marcus\\\/#primaryimage\"},\"thumbnailUrl\":\"https:\\\/\\\/marcus.sk\\\/blog\\\/wp-content\\\/uploads\\\/2025\\\/03\\\/hexagonovy-vzor-01.jpg\",\"datePublished\":\"2026-01-14T05:10:08+00:00\",\"description\":\"Trendy interierov\u00e9ho dizajnu a kon\u0161trukcie zo sadrokart\u00f3nu a zoh\u013eadnenie akustick\u00fdch po\u017eiadaviek na materi\u00e1ly v interi\u00e9ry\",\"breadcrumb\":{\"@id\":\"https:\\\/\\\/marcus.sk\\\/blog\\\/dizajnove-a-akusticke-steny-marcus\\\/#breadcrumb\"},\"inLanguage\":\"sk-SK\",\"potentialAction\":[{\"@type\":\"ReadAction\",\"target\":[\"https:\\\/\\\/marcus.sk\\\/blog\\\/dizajnove-a-akusticke-steny-marcus\\\/\"]}]},{\"@type\":\"ImageObject\",\"inLanguage\":\"sk-SK\",\"@id\":\"https:\\\/\\\/marcus.sk\\\/blog\\\/dizajnove-a-akusticke-steny-marcus\\\/#primaryimage\",\"url\":\"https:\\\/\\\/marcus.sk\\\/blog\\\/wp-content\\\/uploads\\\/2025\\\/03\\\/hexagonovy-vzor-01.jpg\",\"contentUrl\":\"https:\\\/\\\/marcus.sk\\\/blog\\\/wp-content\\\/uploads\\\/2025\\\/03\\\/hexagonovy-vzor-01.jpg\",\"width\":\"866\",\"height\":\"875\"},{\"@type\":\"BreadcrumbList\",\"@id\":\"https:\\\/\\\/marcus.sk\\\/blog\\\/dizajnove-a-akusticke-steny-marcus\\\/#breadcrumb\",\"itemListElement\":[{\"@type\":\"ListItem\",\"position\":1,\"name\":\"Home\",\"item\":\"https:\\\/\\\/marcus.sk\\\/blog\\\/\"},{\"@type\":\"ListItem\",\"position\":2,\"name\":\"Dizajnov\u00e9 a akustick\u00e9 steny MARCUS\"}]},{\"@type\":\"WebSite\",\"@id\":\"https:\\\/\\\/marcus.sk\\\/blog\\\/#website\",\"url\":\"https:\\\/\\\/marcus.sk\\\/blog\\\/\",\"name\":\"Marcus blog\",\"description\":\"Stavebn\u00e9 profily, n\u00e1radie, izol\u00e1cie\",\"publisher\":{\"@id\":\"https:\\\/\\\/marcus.sk\\\/blog\\\/#organization\"},\"potentialAction\":[{\"@type\":\"SearchAction\",\"target\":{\"@type\":\"EntryPoint\",\"urlTemplate\":\"https:\\\/\\\/marcus.sk\\\/blog\\\/?s={search_term_string}\"},\"query-input\":{\"@type\":\"PropertyValueSpecification\",\"valueRequired\":true,\"valueName\":\"search_term_string\"}}],\"inLanguage\":\"sk-SK\"},{\"@type\":\"Organization\",\"@id\":\"https:\\\/\\\/marcus.sk\\\/blog\\\/#organization\",\"name\":\"Marcus blog\",\"url\":\"https:\\\/\\\/marcus.sk\\\/blog\\\/\",\"logo\":{\"@type\":\"ImageObject\",\"inLanguage\":\"sk-SK\",\"@id\":\"https:\\\/\\\/marcus.sk\\\/blog\\\/#\\\/schema\\\/logo\\\/image\\\/\",\"url\":\"https:\\\/\\\/marcus.sk\\\/blog\\\/wp-content\\\/uploads\\\/2019\\\/02\\\/marcussk-logo-1550231210.jpg\",\"contentUrl\":\"https:\\\/\\\/marcus.sk\\\/blog\\\/wp-content\\\/uploads\\\/2019\\\/02\\\/marcussk-logo-1550231210.jpg\",\"width\":508,\"height\":149,\"caption\":\"Marcus blog\"},\"image\":{\"@id\":\"https:\\\/\\\/marcus.sk\\\/blog\\\/#\\\/schema\\\/logo\\\/image\\\/\"}},{\"@type\":\"Person\",\"@id\":\"https:\\\/\\\/marcus.sk\\\/blog\\\/#\\\/schema\\\/person\\\/d3642aca8e2d47ac4f660a56cecd487f\",\"name\":\"Marek Pjen\u010dak\",\"image\":{\"@type\":\"ImageObject\",\"inLanguage\":\"sk-SK\",\"@id\":\"https:\\\/\\\/secure.gravatar.com\\\/avatar\\\/db9f440173ba20b9cbb919e01d2b06a5fb315e86b43daa7849de27c190ebea42?s=96&d=mm&r=g\",\"url\":\"https:\\\/\\\/secure.gravatar.com\\\/avatar\\\/db9f440173ba20b9cbb919e01d2b06a5fb315e86b43daa7849de27c190ebea42?s=96&d=mm&r=g\",\"contentUrl\":\"https:\\\/\\\/secure.gravatar.com\\\/avatar\\\/db9f440173ba20b9cbb919e01d2b06a5fb315e86b43daa7849de27c190ebea42?s=96&d=mm&r=g\",\"caption\":\"Marek Pjen\u010dak\"},\"sameAs\":[\"http:\\\/\\\/www.marcus.sk\",\"https:\\\/\\\/www.facebook.com\\\/staviame.dom.marcus.sk\\\/\"],\"url\":\"https:\\\/\\\/marcus.sk\\\/blog\\\/author\\\/volf\\\/\"}]}<\/script>\n<!-- \/ Yoast SEO plugin. -->","yoast_head_json":{"title":"Dizajnov\u00e9 a akustick\u00e9 steny MARCUS - Marcus blog","description":"Trendy interierov\u00e9ho dizajnu a kon\u0161trukcie zo sadrokart\u00f3nu a zoh\u013eadnenie akustick\u00fdch po\u017eiadaviek na materi\u00e1ly v interi\u00e9ry","robots":{"index":"index","follow":"follow","max-snippet":"max-snippet:-1","max-image-preview":"max-image-preview:large","max-video-preview":"max-video-preview:-1"},"canonical":"https:\/\/marcus.sk\/blog\/dizajnove-a-akusticke-steny-marcus\/","og_locale":"sk_SK","og_type":"article","og_title":"Dizajnov\u00e9 a akustick\u00e9 steny MARCUS - Marcus blog","og_description":"Trendy interierov\u00e9ho dizajnu a kon\u0161trukcie zo sadrokart\u00f3nu a zoh\u013eadnenie akustick\u00fdch po\u017eiadaviek na materi\u00e1ly v interi\u00e9ry","og_url":"https:\/\/marcus.sk\/blog\/dizajnove-a-akusticke-steny-marcus\/","og_site_name":"Marcus blog","article_author":"https:\/\/www.facebook.com\/staviame.dom.marcus.sk\/","article_published_time":"2026-01-14T05:10:08+00:00","og_image":[{"width":866,"height":875,"url":"https:\/\/marcus.sk\/blog\/wp-content\/uploads\/2025\/03\/hexagonovy-vzor-01.jpg","type":"image\/jpeg"}],"author":"Marek Pjen\u010dak","twitter_card":"summary_large_image","twitter_misc":{"Autor":"Marek Pjen\u010dak","Predpokladan\u00fd \u010das \u010d\u00edtania":"4 min\u00faty"},"schema":{"@context":"https:\/\/schema.org","@graph":[{"@type":"Article","@id":"https:\/\/marcus.sk\/blog\/dizajnove-a-akusticke-steny-marcus\/#article","isPartOf":{"@id":"https:\/\/marcus.sk\/blog\/dizajnove-a-akusticke-steny-marcus\/"},"author":{"name":"Marek Pjen\u010dak","@id":"https:\/\/marcus.sk\/blog\/#\/schema\/person\/d3642aca8e2d47ac4f660a56cecd487f"},"headline":"Dizajnov\u00e9 a akustick\u00e9 steny MARCUS","datePublished":"2026-01-14T05:10:08+00:00","mainEntityOfPage":{"@id":"https:\/\/marcus.sk\/blog\/dizajnove-a-akusticke-steny-marcus\/"},"wordCount":837,"commentCount":0,"publisher":{"@id":"https:\/\/marcus.sk\/blog\/#organization"},"image":{"@id":"https:\/\/marcus.sk\/blog\/dizajnove-a-akusticke-steny-marcus\/#primaryimage"},"thumbnailUrl":"https:\/\/marcus.sk\/blog\/wp-content\/uploads\/2025\/03\/hexagonovy-vzor-01.jpg","keywords":["dizajn"],"articleSection":["Interierov\u00fd dizajn"],"inLanguage":"sk-SK","potentialAction":[{"@type":"CommentAction","name":"Comment","target":["https:\/\/marcus.sk\/blog\/dizajnove-a-akusticke-steny-marcus\/#respond"]}]},{"@type":"WebPage","@id":"https:\/\/marcus.sk\/blog\/dizajnove-a-akusticke-steny-marcus\/","url":"https:\/\/marcus.sk\/blog\/dizajnove-a-akusticke-steny-marcus\/","name":"Dizajnov\u00e9 a akustick\u00e9 steny MARCUS - Marcus blog","isPartOf":{"@id":"https:\/\/marcus.sk\/blog\/#website"},"primaryImageOfPage":{"@id":"https:\/\/marcus.sk\/blog\/dizajnove-a-akusticke-steny-marcus\/#primaryimage"},"image":{"@id":"https:\/\/marcus.sk\/blog\/dizajnove-a-akusticke-steny-marcus\/#primaryimage"},"thumbnailUrl":"https:\/\/marcus.sk\/blog\/wp-content\/uploads\/2025\/03\/hexagonovy-vzor-01.jpg","datePublished":"2026-01-14T05:10:08+00:00","description":"Trendy interierov\u00e9ho dizajnu a kon\u0161trukcie zo sadrokart\u00f3nu a zoh\u013eadnenie akustick\u00fdch po\u017eiadaviek na materi\u00e1ly v interi\u00e9ry","breadcrumb":{"@id":"https:\/\/marcus.sk\/blog\/dizajnove-a-akusticke-steny-marcus\/#breadcrumb"},"inLanguage":"sk-SK","potentialAction":[{"@type":"ReadAction","target":["https:\/\/marcus.sk\/blog\/dizajnove-a-akusticke-steny-marcus\/"]}]},{"@type":"ImageObject","inLanguage":"sk-SK","@id":"https:\/\/marcus.sk\/blog\/dizajnove-a-akusticke-steny-marcus\/#primaryimage","url":"https:\/\/marcus.sk\/blog\/wp-content\/uploads\/2025\/03\/hexagonovy-vzor-01.jpg","contentUrl":"https:\/\/marcus.sk\/blog\/wp-content\/uploads\/2025\/03\/hexagonovy-vzor-01.jpg","width":"866","height":"875"},{"@type":"BreadcrumbList","@id":"https:\/\/marcus.sk\/blog\/dizajnove-a-akusticke-steny-marcus\/#breadcrumb","itemListElement":[{"@type":"ListItem","position":1,"name":"Home","item":"https:\/\/marcus.sk\/blog\/"},{"@type":"ListItem","position":2,"name":"Dizajnov\u00e9 a akustick\u00e9 steny MARCUS"}]},{"@type":"WebSite","@id":"https:\/\/marcus.sk\/blog\/#website","url":"https:\/\/marcus.sk\/blog\/","name":"Marcus blog","description":"Stavebn\u00e9 profily, n\u00e1radie, izol\u00e1cie","publisher":{"@id":"https:\/\/marcus.sk\/blog\/#organization"},"potentialAction":[{"@type":"SearchAction","target":{"@type":"EntryPoint","urlTemplate":"https:\/\/marcus.sk\/blog\/?s={search_term_string}"},"query-input":{"@type":"PropertyValueSpecification","valueRequired":true,"valueName":"search_term_string"}}],"inLanguage":"sk-SK"},{"@type":"Organization","@id":"https:\/\/marcus.sk\/blog\/#organization","name":"Marcus blog","url":"https:\/\/marcus.sk\/blog\/","logo":{"@type":"ImageObject","inLanguage":"sk-SK","@id":"https:\/\/marcus.sk\/blog\/#\/schema\/logo\/image\/","url":"https:\/\/marcus.sk\/blog\/wp-content\/uploads\/2019\/02\/marcussk-logo-1550231210.jpg","contentUrl":"https:\/\/marcus.sk\/blog\/wp-content\/uploads\/2019\/02\/marcussk-logo-1550231210.jpg","width":508,"height":149,"caption":"Marcus blog"},"image":{"@id":"https:\/\/marcus.sk\/blog\/#\/schema\/logo\/image\/"}},{"@type":"Person","@id":"https:\/\/marcus.sk\/blog\/#\/schema\/person\/d3642aca8e2d47ac4f660a56cecd487f","name":"Marek Pjen\u010dak","image":{"@type":"ImageObject","inLanguage":"sk-SK","@id":"https:\/\/secure.gravatar.com\/avatar\/db9f440173ba20b9cbb919e01d2b06a5fb315e86b43daa7849de27c190ebea42?s=96&d=mm&r=g","url":"https:\/\/secure.gravatar.com\/avatar\/db9f440173ba20b9cbb919e01d2b06a5fb315e86b43daa7849de27c190ebea42?s=96&d=mm&r=g","contentUrl":"https:\/\/secure.gravatar.com\/avatar\/db9f440173ba20b9cbb919e01d2b06a5fb315e86b43daa7849de27c190ebea42?s=96&d=mm&r=g","caption":"Marek Pjen\u010dak"},"sameAs":["http:\/\/www.marcus.sk","https:\/\/www.facebook.com\/staviame.dom.marcus.sk\/"],"url":"https:\/\/marcus.sk\/blog\/author\/volf\/"}]}},"jetpack_featured_media_url":"https:\/\/marcus.sk\/blog\/wp-content\/uploads\/2025\/03\/hexagonovy-vzor-01.jpg","jetpack_sharing_enabled":true,"_links":{"self":[{"href":"https:\/\/marcus.sk\/blog\/wp-json\/wp\/v2\/posts\/18579","targetHints":{"allow":["GET"]}}],"collection":[{"href":"https:\/\/marcus.sk\/blog\/wp-json\/wp\/v2\/posts"}],"about":[{"href":"https:\/\/marcus.sk\/blog\/wp-json\/wp\/v2\/types\/post"}],"author":[{"embeddable":true,"href":"https:\/\/marcus.sk\/blog\/wp-json\/wp\/v2\/users\/1"}],"replies":[{"embeddable":true,"href":"https:\/\/marcus.sk\/blog\/wp-json\/wp\/v2\/comments?post=18579"}],"version-history":[{"count":5,"href":"https:\/\/marcus.sk\/blog\/wp-json\/wp\/v2\/posts\/18579\/revisions"}],"predecessor-version":[{"id":21391,"href":"https:\/\/marcus.sk\/blog\/wp-json\/wp\/v2\/posts\/18579\/revisions\/21391"}],"wp:featuredmedia":[{"embeddable":true,"href":"https:\/\/marcus.sk\/blog\/wp-json\/wp\/v2\/media\/18629"}],"wp:attachment":[{"href":"https:\/\/marcus.sk\/blog\/wp-json\/wp\/v2\/media?parent=18579"}],"wp:term":[{"taxonomy":"category","embeddable":true,"href":"https:\/\/marcus.sk\/blog\/wp-json\/wp\/v2\/categories?post=18579"},{"taxonomy":"post_tag","embeddable":true,"href":"https:\/\/marcus.sk\/blog\/wp-json\/wp\/v2\/tags?post=18579"}],"curies":[{"name":"wp","href":"https:\/\/api.w.org\/{rel}","templated":true}]}}