{"id":19943,"date":"2026-04-20T18:05:59","date_gmt":"2026-04-20T17:05:59","guid":{"rendered":"https:\/\/marcus.sk\/blog\/?p=19943"},"modified":"2026-04-11T18:14:55","modified_gmt":"2026-04-11T17:14:55","slug":"inspiracia-prevetravanej-fasady-s-horizontalnym-sparovym-profilom","status":"publish","type":"post","link":"https:\/\/marcus.sk\/blog\/inspiracia-prevetravanej-fasady-s-horizontalnym-sparovym-profilom\/","title":{"rendered":"In\u0161pir\u00e1cia prevetr\u00e1vanej fas\u00e1dy s horizont\u00e1lnym \u0161p\u00e1rov\u00fdm profilom"},"content":{"rendered":"<h2>In\u0161pir\u00e1cia prevetr\u00e1vanej fas\u00e1dy s horizont\u00e1lnym \u0161p\u00e1rov\u00fdm profilom<\/h2>\n<p>Tento \u010dl\u00e1nok vznikol ako in\u0161pir\u00e1cia pre t\u00fdch, ktor\u00ed chc\u00fa realizova\u0165<a href=\"https:\/\/www.marcus.sk\/sk\/55-profily-na-prevetravane-fasady\"> prevetr\u00e1van\u00fa fas\u00e1du<\/a>. Bu\u010f rodinn\u00fd dom alebo nejak\u00fa jednoduch\u00fa polyfunk\u010dn\u00fa budovu.<\/p>\n<p style=\"text-align: left;\">V gal\u00e9rii vid\u00edte z\u00e1zemie kempingu v rak\u00faskom meste Villach. Je mo\u017en\u00e9 vidie\u0165 r\u00f4zne fas\u00e1dny dosky ako HPL panely a <a href=\"https:\/\/www.marcus.sk\/sk\/55-profily-na-prevetravane-fasady\">fas\u00e1dne<\/a> lamely z \u010derven\u00e9ho smreku. M\u00f4\u017eete vidie\u0165, ako je\u00a0 realizovan\u00e9 ostenie a ako s\u00fa namontovan\u00e9 parapety. Je tu mnoho detailov, ktor\u00e9 s\u00fa spr\u00e1vne, ale aj nespr\u00e1vne. Ale to nie je cie\u013eom tohto \u010dl\u00e1nku. Pozrite si ho a vyberte si sami, \u010do sa V\u00e1m p\u00e1\u010di a \u010do nep\u00e1\u010di.<\/p>\n<p>&nbsp;<\/p>\n<h2>Kombin\u00e1cia HPL dosky s lamelami z \u010derven\u00e9ho smreku.<\/h2>\n<div data-carousel-extra='{&quot;blog_id&quot;:1,&quot;permalink&quot;:&quot;https:\/\/marcus.sk\/blog\/inspiracia-prevetravanej-fasady-s-horizontalnym-sparovym-profilom\/&quot;}' id='gallery-1' class='gallery galleryid-19943 gallery-columns-1 gallery-size-large'><figure class='gallery-item'>\n\t\t\t<div class='gallery-icon landscape'>\n\t\t\t\t<a href='https:\/\/marcus.sk\/blog\/inspiracia-prevetravanej-fasady-s-horizontalnym-sparovym-profilom\/img20250805193307\/'><img loading=\"lazy\" decoding=\"async\" width=\"735\" height=\"331\" src=\"https:\/\/marcus.sk\/blog\/wp-content\/uploads\/2025\/08\/IMG20250805193307-1024x461.jpg\" class=\"attachment-large size-large\" alt=\"\" aria-describedby=\"gallery-1-19990\" srcset=\"https:\/\/marcus.sk\/blog\/wp-content\/uploads\/2025\/08\/IMG20250805193307-1024x461.jpg 1024w, https:\/\/marcus.sk\/blog\/wp-content\/uploads\/2025\/08\/IMG20250805193307-300x135.jpg 300w, https:\/\/marcus.sk\/blog\/wp-content\/uploads\/2025\/08\/IMG20250805193307-768x346.jpg 768w, https:\/\/marcus.sk\/blog\/wp-content\/uploads\/2025\/08\/IMG20250805193307-1536x691.jpg 1536w, https:\/\/marcus.sk\/blog\/wp-content\/uploads\/2025\/08\/IMG20250805193307-scaled.jpg 2048w\" sizes=\"auto, (max-width: 735px) 100vw, 735px\" data-attachment-id=\"19990\" data-permalink=\"https:\/\/marcus.sk\/blog\/inspiracia-prevetravanej-fasady-s-horizontalnym-sparovym-profilom\/img20250805193307\/\" data-orig-file=\"https:\/\/marcus.sk\/blog\/wp-content\/uploads\/2025\/08\/IMG20250805193307-scaled.jpg\" data-orig-size=\"2048,922\" data-comments-opened=\"1\" data-image-meta=\"{&quot;aperture&quot;:&quot;1.7&quot;,&quot;credit&quot;:&quot;&quot;,&quot;camera&quot;:&quot;OPPO Reno5 Z&quot;,&quot;caption&quot;:&quot;&quot;,&quot;created_timestamp&quot;:&quot;1754422387&quot;,&quot;copyright&quot;:&quot;&quot;,&quot;focal_length&quot;:&quot;4.71&quot;,&quot;iso&quot;:&quot;192&quot;,&quot;shutter_speed&quot;:&quot;0.020003&quot;,&quot;title&quot;:&quot;&quot;,&quot;orientation&quot;:&quot;1&quot;}\" data-image-title=\"IMG20250805193307\" data-image-description=\"&lt;p&gt;Ukon\u010denie lamiel&lt;\/p&gt;\n\" data-image-caption=\"&lt;p&gt;Ukon\u010denie lamiel&lt;\/p&gt;\n\" data-medium-file=\"https:\/\/marcus.sk\/blog\/wp-content\/uploads\/2025\/08\/IMG20250805193307-300x135.jpg\" data-large-file=\"https:\/\/marcus.sk\/blog\/wp-content\/uploads\/2025\/08\/IMG20250805193307-1024x461.jpg\" \/><\/a>\n\t\t\t<\/div>\n\t\t\t\t<figcaption class='wp-caption-text gallery-caption' id='gallery-1-19990'>\n\t\t\t\tUkon\u010denie lamiel\n\t\t\t\t<\/figcaption><\/figure><figure class='gallery-item'>\n\t\t\t<div class='gallery-icon landscape'>\n\t\t\t\t<a href='https:\/\/marcus.sk\/blog\/inspiracia-prevetravanej-fasady-s-horizontalnym-sparovym-profilom\/img20250805193354\/'><img loading=\"lazy\" decoding=\"async\" width=\"735\" height=\"331\" src=\"https:\/\/marcus.sk\/blog\/wp-content\/uploads\/2025\/08\/IMG20250805193354-1024x461.jpg\" class=\"attachment-large size-large\" alt=\"Vonkaj\u0161\u00ed roh\" aria-describedby=\"gallery-1-20006\" srcset=\"https:\/\/marcus.sk\/blog\/wp-content\/uploads\/2025\/08\/IMG20250805193354-1024x461.jpg 1024w, https:\/\/marcus.sk\/blog\/wp-content\/uploads\/2025\/08\/IMG20250805193354-300x135.jpg 300w, https:\/\/marcus.sk\/blog\/wp-content\/uploads\/2025\/08\/IMG20250805193354-768x346.jpg 768w, https:\/\/marcus.sk\/blog\/wp-content\/uploads\/2025\/08\/IMG20250805193354-1536x691.jpg 1536w, https:\/\/marcus.sk\/blog\/wp-content\/uploads\/2025\/08\/IMG20250805193354-scaled.jpg 2048w\" sizes=\"auto, (max-width: 735px) 100vw, 735px\" data-attachment-id=\"20006\" data-permalink=\"https:\/\/marcus.sk\/blog\/inspiracia-prevetravanej-fasady-s-horizontalnym-sparovym-profilom\/img20250805193354\/\" data-orig-file=\"https:\/\/marcus.sk\/blog\/wp-content\/uploads\/2025\/08\/IMG20250805193354-scaled.jpg\" data-orig-size=\"2048,922\" data-comments-opened=\"1\" data-image-meta=\"{&quot;aperture&quot;:&quot;1.7&quot;,&quot;credit&quot;:&quot;&quot;,&quot;camera&quot;:&quot;OPPO Reno5 Z&quot;,&quot;caption&quot;:&quot;&quot;,&quot;created_timestamp&quot;:&quot;1754422434&quot;,&quot;copyright&quot;:&quot;&quot;,&quot;focal_length&quot;:&quot;4.71&quot;,&quot;iso&quot;:&quot;199&quot;,&quot;shutter_speed&quot;:&quot;0.020003&quot;,&quot;title&quot;:&quot;&quot;,&quot;orientation&quot;:&quot;1&quot;}\" data-image-title=\"IMG20250805193354\" data-image-description=\"&lt;p&gt;Vonkaj\u0161\u00ed roh&lt;\/p&gt;\n\" data-image-caption=\"&lt;p&gt;Vonkaj\u0161\u00ed roh&lt;\/p&gt;\n\" data-medium-file=\"https:\/\/marcus.sk\/blog\/wp-content\/uploads\/2025\/08\/IMG20250805193354-300x135.jpg\" data-large-file=\"https:\/\/marcus.sk\/blog\/wp-content\/uploads\/2025\/08\/IMG20250805193354-1024x461.jpg\" \/><\/a>\n\t\t\t<\/div>\n\t\t\t\t<figcaption class='wp-caption-text gallery-caption' id='gallery-1-20006'>\n\t\t\t\tVonkaj\u0161\u00ed roh\n\t\t\t\t<\/figcaption><\/figure><figure class='gallery-item'>\n\t\t\t<div class='gallery-icon landscape'>\n\t\t\t\t<a href='https:\/\/marcus.sk\/blog\/inspiracia-prevetravanej-fasady-s-horizontalnym-sparovym-profilom\/img20250805193335\/'><img loading=\"lazy\" decoding=\"async\" width=\"735\" height=\"331\" src=\"https:\/\/marcus.sk\/blog\/wp-content\/uploads\/2025\/08\/IMG20250805193335-1024x461.jpg\" class=\"attachment-large size-large\" alt=\"\" aria-describedby=\"gallery-1-20002\" srcset=\"https:\/\/marcus.sk\/blog\/wp-content\/uploads\/2025\/08\/IMG20250805193335-1024x461.jpg 1024w, https:\/\/marcus.sk\/blog\/wp-content\/uploads\/2025\/08\/IMG20250805193335-300x135.jpg 300w, https:\/\/marcus.sk\/blog\/wp-content\/uploads\/2025\/08\/IMG20250805193335-768x346.jpg 768w, https:\/\/marcus.sk\/blog\/wp-content\/uploads\/2025\/08\/IMG20250805193335-1536x691.jpg 1536w, https:\/\/marcus.sk\/blog\/wp-content\/uploads\/2025\/08\/IMG20250805193335-scaled.jpg 2048w\" sizes=\"auto, (max-width: 735px) 100vw, 735px\" data-attachment-id=\"20002\" data-permalink=\"https:\/\/marcus.sk\/blog\/inspiracia-prevetravanej-fasady-s-horizontalnym-sparovym-profilom\/img20250805193335\/\" data-orig-file=\"https:\/\/marcus.sk\/blog\/wp-content\/uploads\/2025\/08\/IMG20250805193335-scaled.jpg\" data-orig-size=\"2048,922\" data-comments-opened=\"1\" data-image-meta=\"{&quot;aperture&quot;:&quot;1.7&quot;,&quot;credit&quot;:&quot;&quot;,&quot;camera&quot;:&quot;OPPO Reno5 Z&quot;,&quot;caption&quot;:&quot;&quot;,&quot;created_timestamp&quot;:&quot;1754422415&quot;,&quot;copyright&quot;:&quot;&quot;,&quot;focal_length&quot;:&quot;4.71&quot;,&quot;iso&quot;:&quot;222&quot;,&quot;shutter_speed&quot;:&quot;0.020003&quot;,&quot;title&quot;:&quot;&quot;,&quot;orientation&quot;:&quot;1&quot;}\" data-image-title=\"IMG20250805193335\" data-image-description=\"\" data-image-caption=\"&lt;p&gt;Poh\u013ead na okno&lt;\/p&gt;\n\" data-medium-file=\"https:\/\/marcus.sk\/blog\/wp-content\/uploads\/2025\/08\/IMG20250805193335-300x135.jpg\" data-large-file=\"https:\/\/marcus.sk\/blog\/wp-content\/uploads\/2025\/08\/IMG20250805193335-1024x461.jpg\" \/><\/a>\n\t\t\t<\/div>\n\t\t\t\t<figcaption class='wp-caption-text gallery-caption' id='gallery-1-20002'>\n\t\t\t\tPoh\u013ead na okno\n\t\t\t\t<\/figcaption><\/figure>\n\t\t<\/div>\n\n<p>&nbsp;<\/p>\n<h2>Fas\u00e1dne dosky z HPL<\/h2>\n<p>In\u0161pirujte sa<\/p>\n<div data-carousel-extra='{&quot;blog_id&quot;:1,&quot;permalink&quot;:&quot;https:\/\/marcus.sk\/blog\/inspiracia-prevetravanej-fasady-s-horizontalnym-sparovym-profilom\/&quot;}' id='gallery-2' class='gallery galleryid-19943 gallery-columns-1 gallery-size-large'><figure class='gallery-item'>\n\t\t\t<div class='gallery-icon landscape'>\n\t\t\t\t<a href='https:\/\/marcus.sk\/blog\/inspiracia-prevetravanej-fasady-s-horizontalnym-sparovym-profilom\/img20250805193511\/'><img loading=\"lazy\" decoding=\"async\" width=\"735\" height=\"332\" src=\"https:\/\/marcus.sk\/blog\/wp-content\/uploads\/2025\/08\/IMG20250805193511-1024x462.jpg\" class=\"attachment-large size-large\" alt=\"\" srcset=\"https:\/\/marcus.sk\/blog\/wp-content\/uploads\/2025\/08\/IMG20250805193511-1024x462.jpg 1024w, https:\/\/marcus.sk\/blog\/wp-content\/uploads\/2025\/08\/IMG20250805193511-300x135.jpg 300w, https:\/\/marcus.sk\/blog\/wp-content\/uploads\/2025\/08\/IMG20250805193511-768x346.jpg 768w, https:\/\/marcus.sk\/blog\/wp-content\/uploads\/2025\/08\/IMG20250805193511-1536x693.jpg 1536w, https:\/\/marcus.sk\/blog\/wp-content\/uploads\/2025\/08\/IMG20250805193511-scaled.jpg 2048w\" sizes=\"auto, (max-width: 735px) 100vw, 735px\" data-attachment-id=\"20034\" data-permalink=\"https:\/\/marcus.sk\/blog\/inspiracia-prevetravanej-fasady-s-horizontalnym-sparovym-profilom\/img20250805193511\/\" data-orig-file=\"https:\/\/marcus.sk\/blog\/wp-content\/uploads\/2025\/08\/IMG20250805193511-scaled.jpg\" data-orig-size=\"2048,924\" data-comments-opened=\"1\" data-image-meta=\"{&quot;aperture&quot;:&quot;2.2&quot;,&quot;credit&quot;:&quot;&quot;,&quot;camera&quot;:&quot;OPPO Reno5 Z&quot;,&quot;caption&quot;:&quot;&quot;,&quot;created_timestamp&quot;:&quot;1754422511&quot;,&quot;copyright&quot;:&quot;&quot;,&quot;focal_length&quot;:&quot;1.66&quot;,&quot;iso&quot;:&quot;166&quot;,&quot;shutter_speed&quot;:&quot;0.010003&quot;,&quot;title&quot;:&quot;&quot;,&quot;orientation&quot;:&quot;1&quot;}\" data-image-title=\"IMG20250805193511\" data-image-description=\"\" data-image-caption=\"\" data-medium-file=\"https:\/\/marcus.sk\/blog\/wp-content\/uploads\/2025\/08\/IMG20250805193511-300x135.jpg\" data-large-file=\"https:\/\/marcus.sk\/blog\/wp-content\/uploads\/2025\/08\/IMG20250805193511-1024x462.jpg\" \/><\/a>\n\t\t\t<\/div><\/figure><figure class='gallery-item'>\n\t\t\t<div class='gallery-icon landscape'>\n\t\t\t\t<a href='https:\/\/marcus.sk\/blog\/inspiracia-prevetravanej-fasady-s-horizontalnym-sparovym-profilom\/img20250805193459\/'><img loading=\"lazy\" decoding=\"async\" width=\"735\" height=\"331\" src=\"https:\/\/marcus.sk\/blog\/wp-content\/uploads\/2025\/08\/IMG20250805193459-1024x461.jpg\" class=\"attachment-large size-large\" alt=\"\" srcset=\"https:\/\/marcus.sk\/blog\/wp-content\/uploads\/2025\/08\/IMG20250805193459-1024x461.jpg 1024w, https:\/\/marcus.sk\/blog\/wp-content\/uploads\/2025\/08\/IMG20250805193459-300x135.jpg 300w, https:\/\/marcus.sk\/blog\/wp-content\/uploads\/2025\/08\/IMG20250805193459-768x346.jpg 768w, https:\/\/marcus.sk\/blog\/wp-content\/uploads\/2025\/08\/IMG20250805193459-1536x691.jpg 1536w, https:\/\/marcus.sk\/blog\/wp-content\/uploads\/2025\/08\/IMG20250805193459-scaled.jpg 2048w\" sizes=\"auto, (max-width: 735px) 100vw, 735px\" data-attachment-id=\"20030\" data-permalink=\"https:\/\/marcus.sk\/blog\/inspiracia-prevetravanej-fasady-s-horizontalnym-sparovym-profilom\/img20250805193459\/\" data-orig-file=\"https:\/\/marcus.sk\/blog\/wp-content\/uploads\/2025\/08\/IMG20250805193459-scaled.jpg\" data-orig-size=\"2048,922\" data-comments-opened=\"1\" data-image-meta=\"{&quot;aperture&quot;:&quot;1.7&quot;,&quot;credit&quot;:&quot;&quot;,&quot;camera&quot;:&quot;OPPO Reno5 Z&quot;,&quot;caption&quot;:&quot;&quot;,&quot;created_timestamp&quot;:&quot;1754422499&quot;,&quot;copyright&quot;:&quot;&quot;,&quot;focal_length&quot;:&quot;4.71&quot;,&quot;iso&quot;:&quot;155&quot;,&quot;shutter_speed&quot;:&quot;0.010002&quot;,&quot;title&quot;:&quot;&quot;,&quot;orientation&quot;:&quot;1&quot;}\" data-image-title=\"IMG20250805193459\" data-image-description=\"\" data-image-caption=\"\" data-medium-file=\"https:\/\/marcus.sk\/blog\/wp-content\/uploads\/2025\/08\/IMG20250805193459-300x135.jpg\" data-large-file=\"https:\/\/marcus.sk\/blog\/wp-content\/uploads\/2025\/08\/IMG20250805193459-1024x461.jpg\" \/><\/a>\n\t\t\t<\/div><\/figure><figure class='gallery-item'>\n\t\t\t<div class='gallery-icon landscape'>\n\t\t\t\t<a href='https:\/\/marcus.sk\/blog\/inspiracia-prevetravanej-fasady-s-horizontalnym-sparovym-profilom\/img20250805193448\/'><img loading=\"lazy\" decoding=\"async\" width=\"735\" height=\"331\" src=\"https:\/\/marcus.sk\/blog\/wp-content\/uploads\/2025\/08\/IMG20250805193448-1024x461.jpg\" class=\"attachment-large size-large\" alt=\"\" srcset=\"https:\/\/marcus.sk\/blog\/wp-content\/uploads\/2025\/08\/IMG20250805193448-1024x461.jpg 1024w, https:\/\/marcus.sk\/blog\/wp-content\/uploads\/2025\/08\/IMG20250805193448-300x135.jpg 300w, https:\/\/marcus.sk\/blog\/wp-content\/uploads\/2025\/08\/IMG20250805193448-768x346.jpg 768w, https:\/\/marcus.sk\/blog\/wp-content\/uploads\/2025\/08\/IMG20250805193448-1536x691.jpg 1536w, https:\/\/marcus.sk\/blog\/wp-content\/uploads\/2025\/08\/IMG20250805193448-scaled.jpg 2048w\" sizes=\"auto, (max-width: 735px) 100vw, 735px\" data-attachment-id=\"20026\" data-permalink=\"https:\/\/marcus.sk\/blog\/inspiracia-prevetravanej-fasady-s-horizontalnym-sparovym-profilom\/img20250805193448\/\" data-orig-file=\"https:\/\/marcus.sk\/blog\/wp-content\/uploads\/2025\/08\/IMG20250805193448-scaled.jpg\" data-orig-size=\"2048,922\" data-comments-opened=\"1\" data-image-meta=\"{&quot;aperture&quot;:&quot;1.7&quot;,&quot;credit&quot;:&quot;&quot;,&quot;camera&quot;:&quot;OPPO Reno5 Z&quot;,&quot;caption&quot;:&quot;&quot;,&quot;created_timestamp&quot;:&quot;1754422488&quot;,&quot;copyright&quot;:&quot;&quot;,&quot;focal_length&quot;:&quot;4.71&quot;,&quot;iso&quot;:&quot;334&quot;,&quot;shutter_speed&quot;:&quot;0.020003&quot;,&quot;title&quot;:&quot;&quot;,&quot;orientation&quot;:&quot;1&quot;}\" data-image-title=\"IMG20250805193448\" data-image-description=\"\" data-image-caption=\"\" data-medium-file=\"https:\/\/marcus.sk\/blog\/wp-content\/uploads\/2025\/08\/IMG20250805193448-300x135.jpg\" data-large-file=\"https:\/\/marcus.sk\/blog\/wp-content\/uploads\/2025\/08\/IMG20250805193448-1024x461.jpg\" \/><\/a>\n\t\t\t<\/div><\/figure><figure class='gallery-item'>\n\t\t\t<div class='gallery-icon landscape'>\n\t\t\t\t<a href='https:\/\/marcus.sk\/blog\/inspiracia-prevetravanej-fasady-s-horizontalnym-sparovym-profilom\/img20250805193436\/'><img loading=\"lazy\" decoding=\"async\" width=\"735\" height=\"331\" src=\"https:\/\/marcus.sk\/blog\/wp-content\/uploads\/2025\/08\/IMG20250805193436-1024x461.jpg\" class=\"attachment-large size-large\" alt=\"\" srcset=\"https:\/\/marcus.sk\/blog\/wp-content\/uploads\/2025\/08\/IMG20250805193436-1024x461.jpg 1024w, https:\/\/marcus.sk\/blog\/wp-content\/uploads\/2025\/08\/IMG20250805193436-300x135.jpg 300w, https:\/\/marcus.sk\/blog\/wp-content\/uploads\/2025\/08\/IMG20250805193436-768x346.jpg 768w, https:\/\/marcus.sk\/blog\/wp-content\/uploads\/2025\/08\/IMG20250805193436-1536x691.jpg 1536w, https:\/\/marcus.sk\/blog\/wp-content\/uploads\/2025\/08\/IMG20250805193436-scaled.jpg 2048w\" sizes=\"auto, (max-width: 735px) 100vw, 735px\" data-attachment-id=\"20022\" data-permalink=\"https:\/\/marcus.sk\/blog\/inspiracia-prevetravanej-fasady-s-horizontalnym-sparovym-profilom\/img20250805193436\/\" data-orig-file=\"https:\/\/marcus.sk\/blog\/wp-content\/uploads\/2025\/08\/IMG20250805193436-scaled.jpg\" data-orig-size=\"2048,922\" data-comments-opened=\"1\" data-image-meta=\"{&quot;aperture&quot;:&quot;1.7&quot;,&quot;credit&quot;:&quot;&quot;,&quot;camera&quot;:&quot;OPPO Reno5 Z&quot;,&quot;caption&quot;:&quot;&quot;,&quot;created_timestamp&quot;:&quot;1754422476&quot;,&quot;copyright&quot;:&quot;&quot;,&quot;focal_length&quot;:&quot;4.71&quot;,&quot;iso&quot;:&quot;127&quot;,&quot;shutter_speed&quot;:&quot;0.010002&quot;,&quot;title&quot;:&quot;&quot;,&quot;orientation&quot;:&quot;1&quot;}\" data-image-title=\"IMG20250805193436\" data-image-description=\"\" data-image-caption=\"\" data-medium-file=\"https:\/\/marcus.sk\/blog\/wp-content\/uploads\/2025\/08\/IMG20250805193436-300x135.jpg\" data-large-file=\"https:\/\/marcus.sk\/blog\/wp-content\/uploads\/2025\/08\/IMG20250805193436-1024x461.jpg\" \/><\/a>\n\t\t\t<\/div><\/figure><figure class='gallery-item'>\n\t\t\t<div class='gallery-icon landscape'>\n\t\t\t\t<a href='https:\/\/marcus.sk\/blog\/inspiracia-prevetravanej-fasady-s-horizontalnym-sparovym-profilom\/img20250805193429\/'><img loading=\"lazy\" decoding=\"async\" width=\"735\" height=\"331\" src=\"https:\/\/marcus.sk\/blog\/wp-content\/uploads\/2025\/08\/IMG20250805193429-1024x461.jpg\" class=\"attachment-large size-large\" alt=\"\" srcset=\"https:\/\/marcus.sk\/blog\/wp-content\/uploads\/2025\/08\/IMG20250805193429-1024x461.jpg 1024w, https:\/\/marcus.sk\/blog\/wp-content\/uploads\/2025\/08\/IMG20250805193429-300x135.jpg 300w, https:\/\/marcus.sk\/blog\/wp-content\/uploads\/2025\/08\/IMG20250805193429-768x346.jpg 768w, https:\/\/marcus.sk\/blog\/wp-content\/uploads\/2025\/08\/IMG20250805193429-1536x691.jpg 1536w, https:\/\/marcus.sk\/blog\/wp-content\/uploads\/2025\/08\/IMG20250805193429-scaled.jpg 2048w\" sizes=\"auto, (max-width: 735px) 100vw, 735px\" data-attachment-id=\"20018\" data-permalink=\"https:\/\/marcus.sk\/blog\/inspiracia-prevetravanej-fasady-s-horizontalnym-sparovym-profilom\/img20250805193429\/\" data-orig-file=\"https:\/\/marcus.sk\/blog\/wp-content\/uploads\/2025\/08\/IMG20250805193429-scaled.jpg\" data-orig-size=\"2048,922\" data-comments-opened=\"1\" data-image-meta=\"{&quot;aperture&quot;:&quot;1.7&quot;,&quot;credit&quot;:&quot;&quot;,&quot;camera&quot;:&quot;OPPO Reno5 Z&quot;,&quot;caption&quot;:&quot;&quot;,&quot;created_timestamp&quot;:&quot;1754422469&quot;,&quot;copyright&quot;:&quot;&quot;,&quot;focal_length&quot;:&quot;4.71&quot;,&quot;iso&quot;:&quot;312&quot;,&quot;shutter_speed&quot;:&quot;0.020003&quot;,&quot;title&quot;:&quot;&quot;,&quot;orientation&quot;:&quot;1&quot;}\" data-image-title=\"IMG20250805193429\" data-image-description=\"\" data-image-caption=\"\" data-medium-file=\"https:\/\/marcus.sk\/blog\/wp-content\/uploads\/2025\/08\/IMG20250805193429-300x135.jpg\" data-large-file=\"https:\/\/marcus.sk\/blog\/wp-content\/uploads\/2025\/08\/IMG20250805193429-1024x461.jpg\" \/><\/a>\n\t\t\t<\/div><\/figure><figure class='gallery-item'>\n\t\t\t<div class='gallery-icon landscape'>\n\t\t\t\t<a href='https:\/\/marcus.sk\/blog\/inspiracia-prevetravanej-fasady-s-horizontalnym-sparovym-profilom\/img20250805193405\/'><img loading=\"lazy\" decoding=\"async\" width=\"735\" height=\"331\" src=\"https:\/\/marcus.sk\/blog\/wp-content\/uploads\/2025\/08\/IMG20250805193405-1024x461.jpg\" class=\"attachment-large size-large\" alt=\"\" srcset=\"https:\/\/marcus.sk\/blog\/wp-content\/uploads\/2025\/08\/IMG20250805193405-1024x461.jpg 1024w, https:\/\/marcus.sk\/blog\/wp-content\/uploads\/2025\/08\/IMG20250805193405-300x135.jpg 300w, https:\/\/marcus.sk\/blog\/wp-content\/uploads\/2025\/08\/IMG20250805193405-768x346.jpg 768w, https:\/\/marcus.sk\/blog\/wp-content\/uploads\/2025\/08\/IMG20250805193405-1536x691.jpg 1536w, https:\/\/marcus.sk\/blog\/wp-content\/uploads\/2025\/08\/IMG20250805193405-scaled.jpg 2048w\" sizes=\"auto, (max-width: 735px) 100vw, 735px\" data-attachment-id=\"20010\" data-permalink=\"https:\/\/marcus.sk\/blog\/inspiracia-prevetravanej-fasady-s-horizontalnym-sparovym-profilom\/img20250805193405\/\" data-orig-file=\"https:\/\/marcus.sk\/blog\/wp-content\/uploads\/2025\/08\/IMG20250805193405-scaled.jpg\" data-orig-size=\"2048,922\" data-comments-opened=\"1\" data-image-meta=\"{&quot;aperture&quot;:&quot;1.7&quot;,&quot;credit&quot;:&quot;&quot;,&quot;camera&quot;:&quot;OPPO Reno5 Z&quot;,&quot;caption&quot;:&quot;&quot;,&quot;created_timestamp&quot;:&quot;1754422445&quot;,&quot;copyright&quot;:&quot;&quot;,&quot;focal_length&quot;:&quot;4.71&quot;,&quot;iso&quot;:&quot;100&quot;,&quot;shutter_speed&quot;:&quot;0.00924&quot;,&quot;title&quot;:&quot;&quot;,&quot;orientation&quot;:&quot;1&quot;}\" data-image-title=\"IMG20250805193405\" data-image-description=\"\" data-image-caption=\"\" data-medium-file=\"https:\/\/marcus.sk\/blog\/wp-content\/uploads\/2025\/08\/IMG20250805193405-300x135.jpg\" data-large-file=\"https:\/\/marcus.sk\/blog\/wp-content\/uploads\/2025\/08\/IMG20250805193405-1024x461.jpg\" \/><\/a>\n\t\t\t<\/div><\/figure><figure class='gallery-item'>\n\t\t\t<div class='gallery-icon landscape'>\n\t\t\t\t<a href='https:\/\/marcus.sk\/blog\/inspiracia-prevetravanej-fasady-s-horizontalnym-sparovym-profilom\/img20250805193143\/'><img loading=\"lazy\" decoding=\"async\" width=\"735\" height=\"331\" src=\"https:\/\/marcus.sk\/blog\/wp-content\/uploads\/2025\/08\/IMG20250805193143-1024x461.jpg\" class=\"attachment-large size-large\" alt=\"\" srcset=\"https:\/\/marcus.sk\/blog\/wp-content\/uploads\/2025\/08\/IMG20250805193143-1024x461.jpg 1024w, https:\/\/marcus.sk\/blog\/wp-content\/uploads\/2025\/08\/IMG20250805193143-300x135.jpg 300w, https:\/\/marcus.sk\/blog\/wp-content\/uploads\/2025\/08\/IMG20250805193143-768x346.jpg 768w, https:\/\/marcus.sk\/blog\/wp-content\/uploads\/2025\/08\/IMG20250805193143-1536x691.jpg 1536w, https:\/\/marcus.sk\/blog\/wp-content\/uploads\/2025\/08\/IMG20250805193143-scaled.jpg 2048w\" sizes=\"auto, (max-width: 735px) 100vw, 735px\" data-attachment-id=\"19966\" data-permalink=\"https:\/\/marcus.sk\/blog\/inspiracia-prevetravanej-fasady-s-horizontalnym-sparovym-profilom\/img20250805193143\/\" data-orig-file=\"https:\/\/marcus.sk\/blog\/wp-content\/uploads\/2025\/08\/IMG20250805193143-scaled.jpg\" data-orig-size=\"2048,922\" data-comments-opened=\"1\" data-image-meta=\"{&quot;aperture&quot;:&quot;1.7&quot;,&quot;credit&quot;:&quot;&quot;,&quot;camera&quot;:&quot;OPPO Reno5 Z&quot;,&quot;caption&quot;:&quot;&quot;,&quot;created_timestamp&quot;:&quot;1754422303&quot;,&quot;copyright&quot;:&quot;&quot;,&quot;focal_length&quot;:&quot;4.71&quot;,&quot;iso&quot;:&quot;206&quot;,&quot;shutter_speed&quot;:&quot;0.020003&quot;,&quot;title&quot;:&quot;&quot;,&quot;orientation&quot;:&quot;1&quot;}\" data-image-title=\"IMG20250805193143\" data-image-description=\"\" data-image-caption=\"\" data-medium-file=\"https:\/\/marcus.sk\/blog\/wp-content\/uploads\/2025\/08\/IMG20250805193143-300x135.jpg\" data-large-file=\"https:\/\/marcus.sk\/blog\/wp-content\/uploads\/2025\/08\/IMG20250805193143-1024x461.jpg\" \/><\/a>\n\t\t\t<\/div><\/figure><figure class='gallery-item'>\n\t\t\t<div class='gallery-icon landscape'>\n\t\t\t\t<a href='https:\/\/marcus.sk\/blog\/inspiracia-prevetravanej-fasady-s-horizontalnym-sparovym-profilom\/img20250805193152\/'><img loading=\"lazy\" decoding=\"async\" width=\"735\" height=\"331\" src=\"https:\/\/marcus.sk\/blog\/wp-content\/uploads\/2025\/08\/IMG20250805193152-1024x461.jpg\" class=\"attachment-large size-large\" alt=\"\" srcset=\"https:\/\/marcus.sk\/blog\/wp-content\/uploads\/2025\/08\/IMG20250805193152-1024x461.jpg 1024w, https:\/\/marcus.sk\/blog\/wp-content\/uploads\/2025\/08\/IMG20250805193152-300x135.jpg 300w, https:\/\/marcus.sk\/blog\/wp-content\/uploads\/2025\/08\/IMG20250805193152-768x346.jpg 768w, https:\/\/marcus.sk\/blog\/wp-content\/uploads\/2025\/08\/IMG20250805193152-1536x691.jpg 1536w, https:\/\/marcus.sk\/blog\/wp-content\/uploads\/2025\/08\/IMG20250805193152-scaled.jpg 2048w\" sizes=\"auto, (max-width: 735px) 100vw, 735px\" data-attachment-id=\"19970\" data-permalink=\"https:\/\/marcus.sk\/blog\/inspiracia-prevetravanej-fasady-s-horizontalnym-sparovym-profilom\/img20250805193152\/\" data-orig-file=\"https:\/\/marcus.sk\/blog\/wp-content\/uploads\/2025\/08\/IMG20250805193152-scaled.jpg\" data-orig-size=\"2048,922\" data-comments-opened=\"1\" data-image-meta=\"{&quot;aperture&quot;:&quot;1.7&quot;,&quot;credit&quot;:&quot;&quot;,&quot;camera&quot;:&quot;OPPO Reno5 Z&quot;,&quot;caption&quot;:&quot;&quot;,&quot;created_timestamp&quot;:&quot;1754422312&quot;,&quot;copyright&quot;:&quot;&quot;,&quot;focal_length&quot;:&quot;4.71&quot;,&quot;iso&quot;:&quot;253&quot;,&quot;shutter_speed&quot;:&quot;0.020003&quot;,&quot;title&quot;:&quot;&quot;,&quot;orientation&quot;:&quot;1&quot;}\" data-image-title=\"IMG20250805193152\" data-image-description=\"\" data-image-caption=\"\" data-medium-file=\"https:\/\/marcus.sk\/blog\/wp-content\/uploads\/2025\/08\/IMG20250805193152-300x135.jpg\" data-large-file=\"https:\/\/marcus.sk\/blog\/wp-content\/uploads\/2025\/08\/IMG20250805193152-1024x461.jpg\" \/><\/a>\n\t\t\t<\/div><\/figure><figure class='gallery-item'>\n\t\t\t<div class='gallery-icon landscape'>\n\t\t\t\t<a href='https:\/\/marcus.sk\/blog\/inspiracia-prevetravanej-fasady-s-horizontalnym-sparovym-profilom\/img20250805193239\/'><img loading=\"lazy\" decoding=\"async\" width=\"735\" height=\"331\" src=\"https:\/\/marcus.sk\/blog\/wp-content\/uploads\/2025\/08\/IMG20250805193239-1024x461.jpg\" class=\"attachment-large size-large\" alt=\"\" srcset=\"https:\/\/marcus.sk\/blog\/wp-content\/uploads\/2025\/08\/IMG20250805193239-1024x461.jpg 1024w, https:\/\/marcus.sk\/blog\/wp-content\/uploads\/2025\/08\/IMG20250805193239-300x135.jpg 300w, https:\/\/marcus.sk\/blog\/wp-content\/uploads\/2025\/08\/IMG20250805193239-768x346.jpg 768w, https:\/\/marcus.sk\/blog\/wp-content\/uploads\/2025\/08\/IMG20250805193239-1536x691.jpg 1536w, https:\/\/marcus.sk\/blog\/wp-content\/uploads\/2025\/08\/IMG20250805193239-scaled.jpg 2048w\" sizes=\"auto, (max-width: 735px) 100vw, 735px\" data-attachment-id=\"19982\" data-permalink=\"https:\/\/marcus.sk\/blog\/inspiracia-prevetravanej-fasady-s-horizontalnym-sparovym-profilom\/img20250805193239\/\" data-orig-file=\"https:\/\/marcus.sk\/blog\/wp-content\/uploads\/2025\/08\/IMG20250805193239-scaled.jpg\" data-orig-size=\"2048,922\" data-comments-opened=\"1\" data-image-meta=\"{&quot;aperture&quot;:&quot;1.7&quot;,&quot;credit&quot;:&quot;&quot;,&quot;camera&quot;:&quot;OPPO Reno5 Z&quot;,&quot;caption&quot;:&quot;&quot;,&quot;created_timestamp&quot;:&quot;1754422359&quot;,&quot;copyright&quot;:&quot;&quot;,&quot;focal_length&quot;:&quot;4.71&quot;,&quot;iso&quot;:&quot;192&quot;,&quot;shutter_speed&quot;:&quot;0.020003&quot;,&quot;title&quot;:&quot;&quot;,&quot;orientation&quot;:&quot;1&quot;}\" data-image-title=\"IMG20250805193239\" data-image-description=\"\" data-image-caption=\"\" data-medium-file=\"https:\/\/marcus.sk\/blog\/wp-content\/uploads\/2025\/08\/IMG20250805193239-300x135.jpg\" data-large-file=\"https:\/\/marcus.sk\/blog\/wp-content\/uploads\/2025\/08\/IMG20250805193239-1024x461.jpg\" \/><\/a>\n\t\t\t<\/div><\/figure><figure class='gallery-item'>\n\t\t\t<div class='gallery-icon landscape'>\n\t\t\t\t<a href='https:\/\/marcus.sk\/blog\/inspiracia-prevetravanej-fasady-s-horizontalnym-sparovym-profilom\/img20250805193257\/'><img loading=\"lazy\" decoding=\"async\" width=\"735\" height=\"331\" src=\"https:\/\/marcus.sk\/blog\/wp-content\/uploads\/2025\/08\/IMG20250805193257-1024x461.jpg\" class=\"attachment-large size-large\" alt=\"\" srcset=\"https:\/\/marcus.sk\/blog\/wp-content\/uploads\/2025\/08\/IMG20250805193257-1024x461.jpg 1024w, https:\/\/marcus.sk\/blog\/wp-content\/uploads\/2025\/08\/IMG20250805193257-300x135.jpg 300w, https:\/\/marcus.sk\/blog\/wp-content\/uploads\/2025\/08\/IMG20250805193257-768x346.jpg 768w, https:\/\/marcus.sk\/blog\/wp-content\/uploads\/2025\/08\/IMG20250805193257-1536x691.jpg 1536w, https:\/\/marcus.sk\/blog\/wp-content\/uploads\/2025\/08\/IMG20250805193257-scaled.jpg 2048w\" sizes=\"auto, (max-width: 735px) 100vw, 735px\" data-attachment-id=\"19986\" data-permalink=\"https:\/\/marcus.sk\/blog\/inspiracia-prevetravanej-fasady-s-horizontalnym-sparovym-profilom\/img20250805193257\/\" data-orig-file=\"https:\/\/marcus.sk\/blog\/wp-content\/uploads\/2025\/08\/IMG20250805193257-scaled.jpg\" data-orig-size=\"2048,922\" data-comments-opened=\"1\" data-image-meta=\"{&quot;aperture&quot;:&quot;1.7&quot;,&quot;credit&quot;:&quot;&quot;,&quot;camera&quot;:&quot;OPPO Reno5 Z&quot;,&quot;caption&quot;:&quot;&quot;,&quot;created_timestamp&quot;:&quot;1754422377&quot;,&quot;copyright&quot;:&quot;&quot;,&quot;focal_length&quot;:&quot;4.71&quot;,&quot;iso&quot;:&quot;200&quot;,&quot;shutter_speed&quot;:&quot;0.00289&quot;,&quot;title&quot;:&quot;&quot;,&quot;orientation&quot;:&quot;1&quot;}\" data-image-title=\"IMG20250805193257\" data-image-description=\"\" data-image-caption=\"\" data-medium-file=\"https:\/\/marcus.sk\/blog\/wp-content\/uploads\/2025\/08\/IMG20250805193257-300x135.jpg\" data-large-file=\"https:\/\/marcus.sk\/blog\/wp-content\/uploads\/2025\/08\/IMG20250805193257-1024x461.jpg\" \/><\/a>\n\t\t\t<\/div><\/figure><figure class='gallery-item'>\n\t\t\t<div class='gallery-icon landscape'>\n\t\t\t\t<a href='https:\/\/marcus.sk\/blog\/inspiracia-prevetravanej-fasady-s-horizontalnym-sparovym-profilom\/img20250805193320\/'><img loading=\"lazy\" decoding=\"async\" width=\"735\" height=\"331\" src=\"https:\/\/marcus.sk\/blog\/wp-content\/uploads\/2025\/08\/IMG20250805193320-1024x461.jpg\" class=\"attachment-large size-large\" alt=\"\" srcset=\"https:\/\/marcus.sk\/blog\/wp-content\/uploads\/2025\/08\/IMG20250805193320-1024x461.jpg 1024w, https:\/\/marcus.sk\/blog\/wp-content\/uploads\/2025\/08\/IMG20250805193320-300x135.jpg 300w, https:\/\/marcus.sk\/blog\/wp-content\/uploads\/2025\/08\/IMG20250805193320-768x346.jpg 768w, https:\/\/marcus.sk\/blog\/wp-content\/uploads\/2025\/08\/IMG20250805193320-1536x691.jpg 1536w, https:\/\/marcus.sk\/blog\/wp-content\/uploads\/2025\/08\/IMG20250805193320-scaled.jpg 2048w\" sizes=\"auto, (max-width: 735px) 100vw, 735px\" data-attachment-id=\"19998\" data-permalink=\"https:\/\/marcus.sk\/blog\/inspiracia-prevetravanej-fasady-s-horizontalnym-sparovym-profilom\/img20250805193320\/\" data-orig-file=\"https:\/\/marcus.sk\/blog\/wp-content\/uploads\/2025\/08\/IMG20250805193320-scaled.jpg\" data-orig-size=\"2048,922\" data-comments-opened=\"1\" data-image-meta=\"{&quot;aperture&quot;:&quot;1.7&quot;,&quot;credit&quot;:&quot;&quot;,&quot;camera&quot;:&quot;OPPO Reno5 Z&quot;,&quot;caption&quot;:&quot;&quot;,&quot;created_timestamp&quot;:&quot;1754422400&quot;,&quot;copyright&quot;:&quot;&quot;,&quot;focal_length&quot;:&quot;4.71&quot;,&quot;iso&quot;:&quot;150&quot;,&quot;shutter_speed&quot;:&quot;0.010002&quot;,&quot;title&quot;:&quot;&quot;,&quot;orientation&quot;:&quot;1&quot;}\" data-image-title=\"IMG20250805193320\" data-image-description=\"\" data-image-caption=\"\" data-medium-file=\"https:\/\/marcus.sk\/blog\/wp-content\/uploads\/2025\/08\/IMG20250805193320-300x135.jpg\" data-large-file=\"https:\/\/marcus.sk\/blog\/wp-content\/uploads\/2025\/08\/IMG20250805193320-1024x461.jpg\" \/><\/a>\n\t\t\t<\/div><\/figure><figure class='gallery-item'>\n\t\t\t<div class='gallery-icon landscape'>\n\t\t\t\t<a href='https:\/\/marcus.sk\/blog\/inspiracia-prevetravanej-fasady-s-horizontalnym-sparovym-profilom\/img20250805193110\/'><img loading=\"lazy\" decoding=\"async\" width=\"735\" height=\"331\" src=\"https:\/\/marcus.sk\/blog\/wp-content\/uploads\/2025\/08\/IMG20250805193110-1024x461.jpg\" class=\"attachment-large size-large\" alt=\"\" srcset=\"https:\/\/marcus.sk\/blog\/wp-content\/uploads\/2025\/08\/IMG20250805193110-1024x461.jpg 1024w, https:\/\/marcus.sk\/blog\/wp-content\/uploads\/2025\/08\/IMG20250805193110-300x135.jpg 300w, https:\/\/marcus.sk\/blog\/wp-content\/uploads\/2025\/08\/IMG20250805193110-768x346.jpg 768w, https:\/\/marcus.sk\/blog\/wp-content\/uploads\/2025\/08\/IMG20250805193110-1536x691.jpg 1536w, https:\/\/marcus.sk\/blog\/wp-content\/uploads\/2025\/08\/IMG20250805193110-scaled.jpg 2048w\" sizes=\"auto, (max-width: 735px) 100vw, 735px\" data-attachment-id=\"19954\" data-permalink=\"https:\/\/marcus.sk\/blog\/inspiracia-prevetravanej-fasady-s-horizontalnym-sparovym-profilom\/img20250805193110\/\" data-orig-file=\"https:\/\/marcus.sk\/blog\/wp-content\/uploads\/2025\/08\/IMG20250805193110-scaled.jpg\" data-orig-size=\"2048,922\" data-comments-opened=\"1\" data-image-meta=\"{&quot;aperture&quot;:&quot;1.7&quot;,&quot;credit&quot;:&quot;&quot;,&quot;camera&quot;:&quot;OPPO Reno5 Z&quot;,&quot;caption&quot;:&quot;&quot;,&quot;created_timestamp&quot;:&quot;1754422270&quot;,&quot;copyright&quot;:&quot;&quot;,&quot;focal_length&quot;:&quot;4.71&quot;,&quot;iso&quot;:&quot;154&quot;,&quot;shutter_speed&quot;:&quot;0.020003&quot;,&quot;title&quot;:&quot;&quot;,&quot;orientation&quot;:&quot;1&quot;}\" data-image-title=\"IMG20250805193110\" data-image-description=\"\" data-image-caption=\"\" data-medium-file=\"https:\/\/marcus.sk\/blog\/wp-content\/uploads\/2025\/08\/IMG20250805193110-300x135.jpg\" data-large-file=\"https:\/\/marcus.sk\/blog\/wp-content\/uploads\/2025\/08\/IMG20250805193110-1024x461.jpg\" \/><\/a>\n\t\t\t<\/div><\/figure><figure class='gallery-item'>\n\t\t\t<div class='gallery-icon landscape'>\n\t\t\t\t<a href='https:\/\/marcus.sk\/blog\/inspiracia-prevetravanej-fasady-s-horizontalnym-sparovym-profilom\/img20250805193056\/'><img loading=\"lazy\" decoding=\"async\" width=\"735\" height=\"331\" src=\"https:\/\/marcus.sk\/blog\/wp-content\/uploads\/2025\/08\/IMG20250805193056-1024x461.jpg\" class=\"attachment-large size-large\" alt=\"\" srcset=\"https:\/\/marcus.sk\/blog\/wp-content\/uploads\/2025\/08\/IMG20250805193056-1024x461.jpg 1024w, https:\/\/marcus.sk\/blog\/wp-content\/uploads\/2025\/08\/IMG20250805193056-300x135.jpg 300w, https:\/\/marcus.sk\/blog\/wp-content\/uploads\/2025\/08\/IMG20250805193056-768x346.jpg 768w, https:\/\/marcus.sk\/blog\/wp-content\/uploads\/2025\/08\/IMG20250805193056-1536x691.jpg 1536w, https:\/\/marcus.sk\/blog\/wp-content\/uploads\/2025\/08\/IMG20250805193056-scaled.jpg 2048w\" sizes=\"auto, (max-width: 735px) 100vw, 735px\" data-attachment-id=\"19946\" data-permalink=\"https:\/\/marcus.sk\/blog\/inspiracia-prevetravanej-fasady-s-horizontalnym-sparovym-profilom\/img20250805193056\/\" data-orig-file=\"https:\/\/marcus.sk\/blog\/wp-content\/uploads\/2025\/08\/IMG20250805193056-scaled.jpg\" data-orig-size=\"2048,922\" data-comments-opened=\"1\" data-image-meta=\"{&quot;aperture&quot;:&quot;1.7&quot;,&quot;credit&quot;:&quot;&quot;,&quot;camera&quot;:&quot;OPPO Reno5 Z&quot;,&quot;caption&quot;:&quot;&quot;,&quot;created_timestamp&quot;:&quot;1754422256&quot;,&quot;copyright&quot;:&quot;&quot;,&quot;focal_length&quot;:&quot;4.71&quot;,&quot;iso&quot;:&quot;297&quot;,&quot;shutter_speed&quot;:&quot;0.020003&quot;,&quot;title&quot;:&quot;&quot;,&quot;orientation&quot;:&quot;1&quot;}\" data-image-title=\"IMG20250805193056\" data-image-description=\"\" data-image-caption=\"\" data-medium-file=\"https:\/\/marcus.sk\/blog\/wp-content\/uploads\/2025\/08\/IMG20250805193056-300x135.jpg\" data-large-file=\"https:\/\/marcus.sk\/blog\/wp-content\/uploads\/2025\/08\/IMG20250805193056-1024x461.jpg\" \/><\/a>\n\t\t\t<\/div><\/figure><figure class='gallery-item'>\n\t\t\t<div class='gallery-icon landscape'>\n\t\t\t\t<a href='https:\/\/marcus.sk\/blog\/inspiracia-prevetravanej-fasady-s-horizontalnym-sparovym-profilom\/img20250805193120\/'><img loading=\"lazy\" decoding=\"async\" width=\"735\" height=\"331\" src=\"https:\/\/marcus.sk\/blog\/wp-content\/uploads\/2025\/08\/IMG20250805193120-1024x461.jpg\" class=\"attachment-large size-large\" alt=\"\" srcset=\"https:\/\/marcus.sk\/blog\/wp-content\/uploads\/2025\/08\/IMG20250805193120-1024x461.jpg 1024w, https:\/\/marcus.sk\/blog\/wp-content\/uploads\/2025\/08\/IMG20250805193120-300x135.jpg 300w, https:\/\/marcus.sk\/blog\/wp-content\/uploads\/2025\/08\/IMG20250805193120-768x346.jpg 768w, https:\/\/marcus.sk\/blog\/wp-content\/uploads\/2025\/08\/IMG20250805193120-1536x691.jpg 1536w, https:\/\/marcus.sk\/blog\/wp-content\/uploads\/2025\/08\/IMG20250805193120-scaled.jpg 2048w\" sizes=\"auto, (max-width: 735px) 100vw, 735px\" data-attachment-id=\"19958\" data-permalink=\"https:\/\/marcus.sk\/blog\/inspiracia-prevetravanej-fasady-s-horizontalnym-sparovym-profilom\/img20250805193120\/\" data-orig-file=\"https:\/\/marcus.sk\/blog\/wp-content\/uploads\/2025\/08\/IMG20250805193120-scaled.jpg\" data-orig-size=\"2048,922\" data-comments-opened=\"1\" data-image-meta=\"{&quot;aperture&quot;:&quot;1.7&quot;,&quot;credit&quot;:&quot;&quot;,&quot;camera&quot;:&quot;OPPO Reno5 Z&quot;,&quot;caption&quot;:&quot;&quot;,&quot;created_timestamp&quot;:&quot;1754422280&quot;,&quot;copyright&quot;:&quot;&quot;,&quot;focal_length&quot;:&quot;4.71&quot;,&quot;iso&quot;:&quot;3229&quot;,&quot;shutter_speed&quot;:&quot;0.030004&quot;,&quot;title&quot;:&quot;&quot;,&quot;orientation&quot;:&quot;1&quot;}\" data-image-title=\"IMG20250805193120\" data-image-description=\"\" data-image-caption=\"\" data-medium-file=\"https:\/\/marcus.sk\/blog\/wp-content\/uploads\/2025\/08\/IMG20250805193120-300x135.jpg\" data-large-file=\"https:\/\/marcus.sk\/blog\/wp-content\/uploads\/2025\/08\/IMG20250805193120-1024x461.jpg\" \/><\/a>\n\t\t\t<\/div><\/figure><figure class='gallery-item'>\n\t\t\t<div class='gallery-icon landscape'>\n\t\t\t\t<a href='https:\/\/marcus.sk\/blog\/inspiracia-prevetravanej-fasady-s-horizontalnym-sparovym-profilom\/img20250805193335\/'><img loading=\"lazy\" decoding=\"async\" width=\"735\" height=\"331\" src=\"https:\/\/marcus.sk\/blog\/wp-content\/uploads\/2025\/08\/IMG20250805193335-1024x461.jpg\" class=\"attachment-large size-large\" alt=\"\" aria-describedby=\"gallery-2-20002\" srcset=\"https:\/\/marcus.sk\/blog\/wp-content\/uploads\/2025\/08\/IMG20250805193335-1024x461.jpg 1024w, https:\/\/marcus.sk\/blog\/wp-content\/uploads\/2025\/08\/IMG20250805193335-300x135.jpg 300w, https:\/\/marcus.sk\/blog\/wp-content\/uploads\/2025\/08\/IMG20250805193335-768x346.jpg 768w, https:\/\/marcus.sk\/blog\/wp-content\/uploads\/2025\/08\/IMG20250805193335-1536x691.jpg 1536w, https:\/\/marcus.sk\/blog\/wp-content\/uploads\/2025\/08\/IMG20250805193335-scaled.jpg 2048w\" sizes=\"auto, (max-width: 735px) 100vw, 735px\" data-attachment-id=\"20002\" data-permalink=\"https:\/\/marcus.sk\/blog\/inspiracia-prevetravanej-fasady-s-horizontalnym-sparovym-profilom\/img20250805193335\/\" data-orig-file=\"https:\/\/marcus.sk\/blog\/wp-content\/uploads\/2025\/08\/IMG20250805193335-scaled.jpg\" data-orig-size=\"2048,922\" data-comments-opened=\"1\" data-image-meta=\"{&quot;aperture&quot;:&quot;1.7&quot;,&quot;credit&quot;:&quot;&quot;,&quot;camera&quot;:&quot;OPPO Reno5 Z&quot;,&quot;caption&quot;:&quot;&quot;,&quot;created_timestamp&quot;:&quot;1754422415&quot;,&quot;copyright&quot;:&quot;&quot;,&quot;focal_length&quot;:&quot;4.71&quot;,&quot;iso&quot;:&quot;222&quot;,&quot;shutter_speed&quot;:&quot;0.020003&quot;,&quot;title&quot;:&quot;&quot;,&quot;orientation&quot;:&quot;1&quot;}\" data-image-title=\"IMG20250805193335\" data-image-description=\"\" data-image-caption=\"&lt;p&gt;Poh\u013ead na okno&lt;\/p&gt;\n\" data-medium-file=\"https:\/\/marcus.sk\/blog\/wp-content\/uploads\/2025\/08\/IMG20250805193335-300x135.jpg\" data-large-file=\"https:\/\/marcus.sk\/blog\/wp-content\/uploads\/2025\/08\/IMG20250805193335-1024x461.jpg\" \/><\/a>\n\t\t\t<\/div>\n\t\t\t\t<figcaption class='wp-caption-text gallery-caption' id='gallery-2-20002'>\n\t\t\t\tPoh\u013ead na okno\n\t\t\t\t<\/figcaption><\/figure><figure class='gallery-item'>\n\t\t\t<div class='gallery-icon landscape'>\n\t\t\t\t<a href='https:\/\/marcus.sk\/blog\/inspiracia-prevetravanej-fasady-s-horizontalnym-sparovym-profilom\/img20250805193311\/'><img loading=\"lazy\" decoding=\"async\" width=\"735\" height=\"331\" src=\"https:\/\/marcus.sk\/blog\/wp-content\/uploads\/2025\/08\/IMG20250805193311-1024x461.jpg\" class=\"attachment-large size-large\" alt=\"\" srcset=\"https:\/\/marcus.sk\/blog\/wp-content\/uploads\/2025\/08\/IMG20250805193311-1024x461.jpg 1024w, https:\/\/marcus.sk\/blog\/wp-content\/uploads\/2025\/08\/IMG20250805193311-300x135.jpg 300w, https:\/\/marcus.sk\/blog\/wp-content\/uploads\/2025\/08\/IMG20250805193311-768x346.jpg 768w, https:\/\/marcus.sk\/blog\/wp-content\/uploads\/2025\/08\/IMG20250805193311-1536x691.jpg 1536w, https:\/\/marcus.sk\/blog\/wp-content\/uploads\/2025\/08\/IMG20250805193311-scaled.jpg 2048w\" sizes=\"auto, (max-width: 735px) 100vw, 735px\" data-attachment-id=\"19994\" data-permalink=\"https:\/\/marcus.sk\/blog\/inspiracia-prevetravanej-fasady-s-horizontalnym-sparovym-profilom\/img20250805193311\/\" data-orig-file=\"https:\/\/marcus.sk\/blog\/wp-content\/uploads\/2025\/08\/IMG20250805193311-scaled.jpg\" data-orig-size=\"2048,922\" data-comments-opened=\"1\" data-image-meta=\"{&quot;aperture&quot;:&quot;1.7&quot;,&quot;credit&quot;:&quot;&quot;,&quot;camera&quot;:&quot;OPPO Reno5 Z&quot;,&quot;caption&quot;:&quot;&quot;,&quot;created_timestamp&quot;:&quot;1754422391&quot;,&quot;copyright&quot;:&quot;&quot;,&quot;focal_length&quot;:&quot;4.71&quot;,&quot;iso&quot;:&quot;188&quot;,&quot;shutter_speed&quot;:&quot;0.020003&quot;,&quot;title&quot;:&quot;&quot;,&quot;orientation&quot;:&quot;1&quot;}\" data-image-title=\"IMG20250805193311\" data-image-description=\"\" data-image-caption=\"\" data-medium-file=\"https:\/\/marcus.sk\/blog\/wp-content\/uploads\/2025\/08\/IMG20250805193311-300x135.jpg\" data-large-file=\"https:\/\/marcus.sk\/blog\/wp-content\/uploads\/2025\/08\/IMG20250805193311-1024x461.jpg\" \/><\/a>\n\t\t\t<\/div><\/figure><figure class='gallery-item'>\n\t\t\t<div class='gallery-icon landscape'>\n\t\t\t\t<a href='https:\/\/marcus.sk\/blog\/inspiracia-prevetravanej-fasady-s-horizontalnym-sparovym-profilom\/img20250805193354\/'><img loading=\"lazy\" decoding=\"async\" width=\"735\" height=\"331\" src=\"https:\/\/marcus.sk\/blog\/wp-content\/uploads\/2025\/08\/IMG20250805193354-1024x461.jpg\" class=\"attachment-large size-large\" alt=\"Vonkaj\u0161\u00ed roh\" aria-describedby=\"gallery-2-20006\" srcset=\"https:\/\/marcus.sk\/blog\/wp-content\/uploads\/2025\/08\/IMG20250805193354-1024x461.jpg 1024w, https:\/\/marcus.sk\/blog\/wp-content\/uploads\/2025\/08\/IMG20250805193354-300x135.jpg 300w, https:\/\/marcus.sk\/blog\/wp-content\/uploads\/2025\/08\/IMG20250805193354-768x346.jpg 768w, https:\/\/marcus.sk\/blog\/wp-content\/uploads\/2025\/08\/IMG20250805193354-1536x691.jpg 1536w, https:\/\/marcus.sk\/blog\/wp-content\/uploads\/2025\/08\/IMG20250805193354-scaled.jpg 2048w\" sizes=\"auto, (max-width: 735px) 100vw, 735px\" data-attachment-id=\"20006\" data-permalink=\"https:\/\/marcus.sk\/blog\/inspiracia-prevetravanej-fasady-s-horizontalnym-sparovym-profilom\/img20250805193354\/\" data-orig-file=\"https:\/\/marcus.sk\/blog\/wp-content\/uploads\/2025\/08\/IMG20250805193354-scaled.jpg\" data-orig-size=\"2048,922\" data-comments-opened=\"1\" data-image-meta=\"{&quot;aperture&quot;:&quot;1.7&quot;,&quot;credit&quot;:&quot;&quot;,&quot;camera&quot;:&quot;OPPO Reno5 Z&quot;,&quot;caption&quot;:&quot;&quot;,&quot;created_timestamp&quot;:&quot;1754422434&quot;,&quot;copyright&quot;:&quot;&quot;,&quot;focal_length&quot;:&quot;4.71&quot;,&quot;iso&quot;:&quot;199&quot;,&quot;shutter_speed&quot;:&quot;0.020003&quot;,&quot;title&quot;:&quot;&quot;,&quot;orientation&quot;:&quot;1&quot;}\" data-image-title=\"IMG20250805193354\" data-image-description=\"&lt;p&gt;Vonkaj\u0161\u00ed roh&lt;\/p&gt;\n\" data-image-caption=\"&lt;p&gt;Vonkaj\u0161\u00ed roh&lt;\/p&gt;\n\" data-medium-file=\"https:\/\/marcus.sk\/blog\/wp-content\/uploads\/2025\/08\/IMG20250805193354-300x135.jpg\" data-large-file=\"https:\/\/marcus.sk\/blog\/wp-content\/uploads\/2025\/08\/IMG20250805193354-1024x461.jpg\" \/><\/a>\n\t\t\t<\/div>\n\t\t\t\t<figcaption class='wp-caption-text gallery-caption' id='gallery-2-20006'>\n\t\t\t\tVonkaj\u0161\u00ed roh\n\t\t\t\t<\/figcaption><\/figure><figure class='gallery-item'>\n\t\t\t<div class='gallery-icon landscape'>\n\t\t\t\t<a href='https:\/\/marcus.sk\/blog\/inspiracia-prevetravanej-fasady-s-horizontalnym-sparovym-profilom\/img20250805193307\/'><img loading=\"lazy\" decoding=\"async\" width=\"735\" height=\"331\" src=\"https:\/\/marcus.sk\/blog\/wp-content\/uploads\/2025\/08\/IMG20250805193307-1024x461.jpg\" class=\"attachment-large size-large\" alt=\"\" aria-describedby=\"gallery-2-19990\" srcset=\"https:\/\/marcus.sk\/blog\/wp-content\/uploads\/2025\/08\/IMG20250805193307-1024x461.jpg 1024w, https:\/\/marcus.sk\/blog\/wp-content\/uploads\/2025\/08\/IMG20250805193307-300x135.jpg 300w, https:\/\/marcus.sk\/blog\/wp-content\/uploads\/2025\/08\/IMG20250805193307-768x346.jpg 768w, https:\/\/marcus.sk\/blog\/wp-content\/uploads\/2025\/08\/IMG20250805193307-1536x691.jpg 1536w, https:\/\/marcus.sk\/blog\/wp-content\/uploads\/2025\/08\/IMG20250805193307-scaled.jpg 2048w\" sizes=\"auto, (max-width: 735px) 100vw, 735px\" data-attachment-id=\"19990\" data-permalink=\"https:\/\/marcus.sk\/blog\/inspiracia-prevetravanej-fasady-s-horizontalnym-sparovym-profilom\/img20250805193307\/\" data-orig-file=\"https:\/\/marcus.sk\/blog\/wp-content\/uploads\/2025\/08\/IMG20250805193307-scaled.jpg\" data-orig-size=\"2048,922\" data-comments-opened=\"1\" data-image-meta=\"{&quot;aperture&quot;:&quot;1.7&quot;,&quot;credit&quot;:&quot;&quot;,&quot;camera&quot;:&quot;OPPO Reno5 Z&quot;,&quot;caption&quot;:&quot;&quot;,&quot;created_timestamp&quot;:&quot;1754422387&quot;,&quot;copyright&quot;:&quot;&quot;,&quot;focal_length&quot;:&quot;4.71&quot;,&quot;iso&quot;:&quot;192&quot;,&quot;shutter_speed&quot;:&quot;0.020003&quot;,&quot;title&quot;:&quot;&quot;,&quot;orientation&quot;:&quot;1&quot;}\" data-image-title=\"IMG20250805193307\" data-image-description=\"&lt;p&gt;Ukon\u010denie lamiel&lt;\/p&gt;\n\" data-image-caption=\"&lt;p&gt;Ukon\u010denie lamiel&lt;\/p&gt;\n\" data-medium-file=\"https:\/\/marcus.sk\/blog\/wp-content\/uploads\/2025\/08\/IMG20250805193307-300x135.jpg\" data-large-file=\"https:\/\/marcus.sk\/blog\/wp-content\/uploads\/2025\/08\/IMG20250805193307-1024x461.jpg\" \/><\/a>\n\t\t\t<\/div>\n\t\t\t\t<figcaption class='wp-caption-text gallery-caption' id='gallery-2-19990'>\n\t\t\t\tUkon\u010denie lamiel\n\t\t\t\t<\/figcaption><\/figure><figure class='gallery-item'>\n\t\t\t<div class='gallery-icon portrait'>\n\t\t\t\t<a href='https:\/\/marcus.sk\/blog\/inspiracia-prevetravanej-fasady-s-horizontalnym-sparovym-profilom\/img20250805193123\/'><img loading=\"lazy\" decoding=\"async\" width=\"461\" height=\"1024\" src=\"https:\/\/marcus.sk\/blog\/wp-content\/uploads\/2025\/08\/IMG20250805193123-461x1024.jpg\" class=\"attachment-large size-large\" alt=\"\" aria-describedby=\"gallery-2-19962\" srcset=\"https:\/\/marcus.sk\/blog\/wp-content\/uploads\/2025\/08\/IMG20250805193123-461x1024.jpg 461w, https:\/\/marcus.sk\/blog\/wp-content\/uploads\/2025\/08\/IMG20250805193123-135x300.jpg 135w, https:\/\/marcus.sk\/blog\/wp-content\/uploads\/2025\/08\/IMG20250805193123-768x1707.jpg 768w, https:\/\/marcus.sk\/blog\/wp-content\/uploads\/2025\/08\/IMG20250805193123-691x1536.jpg 691w, https:\/\/marcus.sk\/blog\/wp-content\/uploads\/2025\/08\/IMG20250805193123-scaled.jpg 922w\" sizes=\"auto, (max-width: 461px) 100vw, 461px\" data-attachment-id=\"19962\" data-permalink=\"https:\/\/marcus.sk\/blog\/inspiracia-prevetravanej-fasady-s-horizontalnym-sparovym-profilom\/img20250805193123\/\" data-orig-file=\"https:\/\/marcus.sk\/blog\/wp-content\/uploads\/2025\/08\/IMG20250805193123-scaled.jpg\" data-orig-size=\"922,2048\" data-comments-opened=\"1\" data-image-meta=\"{&quot;aperture&quot;:&quot;1.7&quot;,&quot;credit&quot;:&quot;&quot;,&quot;camera&quot;:&quot;OPPO Reno5 Z&quot;,&quot;caption&quot;:&quot;&quot;,&quot;created_timestamp&quot;:&quot;1754422283&quot;,&quot;copyright&quot;:&quot;&quot;,&quot;focal_length&quot;:&quot;4.71&quot;,&quot;iso&quot;:&quot;3162&quot;,&quot;shutter_speed&quot;:&quot;0.030004&quot;,&quot;title&quot;:&quot;&quot;,&quot;orientation&quot;:&quot;1&quot;}\" data-image-title=\"IMG20250805193123\" data-image-description=\"&lt;p&gt;Poh\u013ead na okno&lt;\/p&gt;\n\" data-image-caption=\"&lt;p&gt;Poh\u013ead na okno&lt;\/p&gt;\n\" data-medium-file=\"https:\/\/marcus.sk\/blog\/wp-content\/uploads\/2025\/08\/IMG20250805193123-135x300.jpg\" data-large-file=\"https:\/\/marcus.sk\/blog\/wp-content\/uploads\/2025\/08\/IMG20250805193123-461x1024.jpg\" \/><\/a>\n\t\t\t<\/div>\n\t\t\t\t<figcaption class='wp-caption-text gallery-caption' id='gallery-2-19962'>\n\t\t\t\tPoh\u013ead na okno\n\t\t\t\t<\/figcaption><\/figure>\n\t\t<\/div>\n\n<p>&nbsp;<\/p>\n<p>AK m\u00e1te aj vy zauj\u00edmav\u00fa referenciu,\u00a0 po\u0161lite mi fotku, alebo link na Va\u0161u str\u00e1nku.<\/p>\n<p>&nbsp;<\/p>\n","protected":false},"excerpt":{"rendered":"<p>In\u0161pir\u00e1cia prevetr\u00e1vanej fas\u00e1dy s horizont\u00e1lnym \u0161p\u00e1rov\u00fdm profilom Tento \u010dl\u00e1nok vznikol ako in\u0161pir\u00e1cia pre t\u00fdch, ktor\u00ed chc\u00fa realizova\u0165 prevetr\u00e1van\u00fa fas\u00e1du. Bu\u010f rodinn\u00fd dom alebo nejak\u00fa jednoduch\u00fa polyfunk\u010dn\u00fa budovu. V gal\u00e9rii vid\u00edte &hellip; <\/p>\n","protected":false},"author":1,"featured_media":20034,"comment_status":"open","ping_status":"open","sticky":false,"template":"","format":"standard","meta":{"_jetpack_memberships_contains_paid_content":false,"footnotes":""},"categories":[24],"tags":[41,90],"class_list":["post-19943","post","type-post","status-publish","format-standard","has-post-thumbnail","hentry","category-prevetravana-fasada","tag-prevetravana-fasada","tag-fundermax"],"yoast_head":"<!-- This site is optimized with the Yoast SEO plugin v27.3 - https:\/\/yoast.com\/product\/yoast-seo-wordpress\/ -->\n<title>In\u0161pir\u00e1cia prevetr\u00e1vanej fas\u00e1dy s horizont\u00e1lnym \u0161p\u00e1rov\u00fdm profilom - Marcus blog<\/title>\n<meta name=\"description\" content=\"In\u0161pir\u00e1cia prevetr\u00e1vanej fas\u00e1dy s horizont\u00e1lnym \u0161p\u00e1rov\u00fdm profilom\" \/>\n<meta name=\"robots\" content=\"index, follow, max-snippet:-1, max-image-preview:large, max-video-preview:-1\" \/>\n<link rel=\"canonical\" href=\"https:\/\/marcus.sk\/blog\/inspiracia-prevetravanej-fasady-s-horizontalnym-sparovym-profilom\/\" \/>\n<meta property=\"og:locale\" content=\"sk_SK\" \/>\n<meta property=\"og:type\" content=\"article\" \/>\n<meta property=\"og:title\" content=\"In\u0161pir\u00e1cia prevetr\u00e1vanej fas\u00e1dy s horizont\u00e1lnym \u0161p\u00e1rov\u00fdm profilom - Marcus blog\" \/>\n<meta property=\"og:description\" content=\"In\u0161pir\u00e1cia prevetr\u00e1vanej fas\u00e1dy s horizont\u00e1lnym \u0161p\u00e1rov\u00fdm profilom\" \/>\n<meta property=\"og:url\" content=\"https:\/\/marcus.sk\/blog\/inspiracia-prevetravanej-fasady-s-horizontalnym-sparovym-profilom\/\" \/>\n<meta property=\"og:site_name\" content=\"Marcus blog\" \/>\n<meta property=\"article:author\" content=\"https:\/\/www.facebook.com\/staviame.dom.marcus.sk\/\" \/>\n<meta property=\"article:published_time\" content=\"2026-04-20T17:05:59+00:00\" \/>\n<meta property=\"og:image\" content=\"https:\/\/marcus.sk\/blog\/wp-content\/uploads\/2025\/08\/IMG20250805193511-scaled.jpg\" \/>\n\t<meta property=\"og:image:width\" content=\"2048\" \/>\n\t<meta property=\"og:image:height\" content=\"924\" \/>\n\t<meta property=\"og:image:type\" content=\"image\/jpeg\" \/>\n<meta name=\"author\" content=\"Marek Pjen\u010dak\" \/>\n<meta name=\"twitter:card\" content=\"summary_large_image\" \/>\n<meta name=\"twitter:label1\" content=\"Autor\" \/>\n\t<meta name=\"twitter:data1\" content=\"Marek Pjen\u010dak\" \/>\n\t<meta name=\"twitter:label2\" content=\"Predpokladan\u00fd \u010das \u010d\u00edtania\" \/>\n\t<meta name=\"twitter:data2\" content=\"1 min\u00fata\" \/>\n<script type=\"application\/ld+json\" class=\"yoast-schema-graph\">{\"@context\":\"https:\\\/\\\/schema.org\",\"@graph\":[{\"@type\":\"Article\",\"@id\":\"https:\\\/\\\/marcus.sk\\\/blog\\\/inspiracia-prevetravanej-fasady-s-horizontalnym-sparovym-profilom\\\/#article\",\"isPartOf\":{\"@id\":\"https:\\\/\\\/marcus.sk\\\/blog\\\/inspiracia-prevetravanej-fasady-s-horizontalnym-sparovym-profilom\\\/\"},\"author\":{\"name\":\"Marek Pjen\u010dak\",\"@id\":\"https:\\\/\\\/marcus.sk\\\/blog\\\/#\\\/schema\\\/person\\\/d3642aca8e2d47ac4f660a56cecd487f\"},\"headline\":\"In\u0161pir\u00e1cia prevetr\u00e1vanej fas\u00e1dy s horizont\u00e1lnym \u0161p\u00e1rov\u00fdm profilom\",\"datePublished\":\"2026-04-20T17:05:59+00:00\",\"mainEntityOfPage\":{\"@id\":\"https:\\\/\\\/marcus.sk\\\/blog\\\/inspiracia-prevetravanej-fasady-s-horizontalnym-sparovym-profilom\\\/\"},\"wordCount\":189,\"commentCount\":0,\"publisher\":{\"@id\":\"https:\\\/\\\/marcus.sk\\\/blog\\\/#organization\"},\"image\":{\"@id\":\"https:\\\/\\\/marcus.sk\\\/blog\\\/inspiracia-prevetravanej-fasady-s-horizontalnym-sparovym-profilom\\\/#primaryimage\"},\"thumbnailUrl\":\"https:\\\/\\\/marcus.sk\\\/blog\\\/wp-content\\\/uploads\\\/2025\\\/08\\\/IMG20250805193511-scaled.jpg\",\"keywords\":[\"prevetravana fasada\",\"fundermax\"],\"articleSection\":[\"Prevetr\u00e1van\u00e1 fas\u00e1da\"],\"inLanguage\":\"sk-SK\",\"potentialAction\":[{\"@type\":\"CommentAction\",\"name\":\"Comment\",\"target\":[\"https:\\\/\\\/marcus.sk\\\/blog\\\/inspiracia-prevetravanej-fasady-s-horizontalnym-sparovym-profilom\\\/#respond\"]}]},{\"@type\":\"WebPage\",\"@id\":\"https:\\\/\\\/marcus.sk\\\/blog\\\/inspiracia-prevetravanej-fasady-s-horizontalnym-sparovym-profilom\\\/\",\"url\":\"https:\\\/\\\/marcus.sk\\\/blog\\\/inspiracia-prevetravanej-fasady-s-horizontalnym-sparovym-profilom\\\/\",\"name\":\"In\u0161pir\u00e1cia prevetr\u00e1vanej fas\u00e1dy s horizont\u00e1lnym \u0161p\u00e1rov\u00fdm profilom - Marcus blog\",\"isPartOf\":{\"@id\":\"https:\\\/\\\/marcus.sk\\\/blog\\\/#website\"},\"primaryImageOfPage\":{\"@id\":\"https:\\\/\\\/marcus.sk\\\/blog\\\/inspiracia-prevetravanej-fasady-s-horizontalnym-sparovym-profilom\\\/#primaryimage\"},\"image\":{\"@id\":\"https:\\\/\\\/marcus.sk\\\/blog\\\/inspiracia-prevetravanej-fasady-s-horizontalnym-sparovym-profilom\\\/#primaryimage\"},\"thumbnailUrl\":\"https:\\\/\\\/marcus.sk\\\/blog\\\/wp-content\\\/uploads\\\/2025\\\/08\\\/IMG20250805193511-scaled.jpg\",\"datePublished\":\"2026-04-20T17:05:59+00:00\",\"description\":\"In\u0161pir\u00e1cia prevetr\u00e1vanej fas\u00e1dy s horizont\u00e1lnym \u0161p\u00e1rov\u00fdm profilom\",\"breadcrumb\":{\"@id\":\"https:\\\/\\\/marcus.sk\\\/blog\\\/inspiracia-prevetravanej-fasady-s-horizontalnym-sparovym-profilom\\\/#breadcrumb\"},\"inLanguage\":\"sk-SK\",\"potentialAction\":[{\"@type\":\"ReadAction\",\"target\":[\"https:\\\/\\\/marcus.sk\\\/blog\\\/inspiracia-prevetravanej-fasady-s-horizontalnym-sparovym-profilom\\\/\"]}]},{\"@type\":\"ImageObject\",\"inLanguage\":\"sk-SK\",\"@id\":\"https:\\\/\\\/marcus.sk\\\/blog\\\/inspiracia-prevetravanej-fasady-s-horizontalnym-sparovym-profilom\\\/#primaryimage\",\"url\":\"https:\\\/\\\/marcus.sk\\\/blog\\\/wp-content\\\/uploads\\\/2025\\\/08\\\/IMG20250805193511-scaled.jpg\",\"contentUrl\":\"https:\\\/\\\/marcus.sk\\\/blog\\\/wp-content\\\/uploads\\\/2025\\\/08\\\/IMG20250805193511-scaled.jpg\",\"width\":2048,\"height\":924},{\"@type\":\"BreadcrumbList\",\"@id\":\"https:\\\/\\\/marcus.sk\\\/blog\\\/inspiracia-prevetravanej-fasady-s-horizontalnym-sparovym-profilom\\\/#breadcrumb\",\"itemListElement\":[{\"@type\":\"ListItem\",\"position\":1,\"name\":\"Home\",\"item\":\"https:\\\/\\\/marcus.sk\\\/blog\\\/\"},{\"@type\":\"ListItem\",\"position\":2,\"name\":\"In\u0161pir\u00e1cia prevetr\u00e1vanej fas\u00e1dy s horizont\u00e1lnym \u0161p\u00e1rov\u00fdm profilom\"}]},{\"@type\":\"WebSite\",\"@id\":\"https:\\\/\\\/marcus.sk\\\/blog\\\/#website\",\"url\":\"https:\\\/\\\/marcus.sk\\\/blog\\\/\",\"name\":\"Marcus blog\",\"description\":\"Stavebn\u00e9 profily, n\u00e1radie, izol\u00e1cie\",\"publisher\":{\"@id\":\"https:\\\/\\\/marcus.sk\\\/blog\\\/#organization\"},\"potentialAction\":[{\"@type\":\"SearchAction\",\"target\":{\"@type\":\"EntryPoint\",\"urlTemplate\":\"https:\\\/\\\/marcus.sk\\\/blog\\\/?s={search_term_string}\"},\"query-input\":{\"@type\":\"PropertyValueSpecification\",\"valueRequired\":true,\"valueName\":\"search_term_string\"}}],\"inLanguage\":\"sk-SK\"},{\"@type\":\"Organization\",\"@id\":\"https:\\\/\\\/marcus.sk\\\/blog\\\/#organization\",\"name\":\"Marcus blog\",\"url\":\"https:\\\/\\\/marcus.sk\\\/blog\\\/\",\"logo\":{\"@type\":\"ImageObject\",\"inLanguage\":\"sk-SK\",\"@id\":\"https:\\\/\\\/marcus.sk\\\/blog\\\/#\\\/schema\\\/logo\\\/image\\\/\",\"url\":\"https:\\\/\\\/marcus.sk\\\/blog\\\/wp-content\\\/uploads\\\/2019\\\/02\\\/marcussk-logo-1550231210.jpg\",\"contentUrl\":\"https:\\\/\\\/marcus.sk\\\/blog\\\/wp-content\\\/uploads\\\/2019\\\/02\\\/marcussk-logo-1550231210.jpg\",\"width\":508,\"height\":149,\"caption\":\"Marcus blog\"},\"image\":{\"@id\":\"https:\\\/\\\/marcus.sk\\\/blog\\\/#\\\/schema\\\/logo\\\/image\\\/\"}},{\"@type\":\"Person\",\"@id\":\"https:\\\/\\\/marcus.sk\\\/blog\\\/#\\\/schema\\\/person\\\/d3642aca8e2d47ac4f660a56cecd487f\",\"name\":\"Marek Pjen\u010dak\",\"image\":{\"@type\":\"ImageObject\",\"inLanguage\":\"sk-SK\",\"@id\":\"https:\\\/\\\/secure.gravatar.com\\\/avatar\\\/db9f440173ba20b9cbb919e01d2b06a5fb315e86b43daa7849de27c190ebea42?s=96&d=mm&r=g\",\"url\":\"https:\\\/\\\/secure.gravatar.com\\\/avatar\\\/db9f440173ba20b9cbb919e01d2b06a5fb315e86b43daa7849de27c190ebea42?s=96&d=mm&r=g\",\"contentUrl\":\"https:\\\/\\\/secure.gravatar.com\\\/avatar\\\/db9f440173ba20b9cbb919e01d2b06a5fb315e86b43daa7849de27c190ebea42?s=96&d=mm&r=g\",\"caption\":\"Marek Pjen\u010dak\"},\"sameAs\":[\"http:\\\/\\\/www.marcus.sk\",\"https:\\\/\\\/www.facebook.com\\\/staviame.dom.marcus.sk\\\/\"],\"url\":\"https:\\\/\\\/marcus.sk\\\/blog\\\/author\\\/volf\\\/\"}]}<\/script>\n<!-- \/ Yoast SEO plugin. -->","yoast_head_json":{"title":"In\u0161pir\u00e1cia prevetr\u00e1vanej fas\u00e1dy s horizont\u00e1lnym \u0161p\u00e1rov\u00fdm profilom - Marcus blog","description":"In\u0161pir\u00e1cia prevetr\u00e1vanej fas\u00e1dy s horizont\u00e1lnym \u0161p\u00e1rov\u00fdm profilom","robots":{"index":"index","follow":"follow","max-snippet":"max-snippet:-1","max-image-preview":"max-image-preview:large","max-video-preview":"max-video-preview:-1"},"canonical":"https:\/\/marcus.sk\/blog\/inspiracia-prevetravanej-fasady-s-horizontalnym-sparovym-profilom\/","og_locale":"sk_SK","og_type":"article","og_title":"In\u0161pir\u00e1cia prevetr\u00e1vanej fas\u00e1dy s horizont\u00e1lnym \u0161p\u00e1rov\u00fdm profilom - Marcus blog","og_description":"In\u0161pir\u00e1cia prevetr\u00e1vanej fas\u00e1dy s horizont\u00e1lnym \u0161p\u00e1rov\u00fdm profilom","og_url":"https:\/\/marcus.sk\/blog\/inspiracia-prevetravanej-fasady-s-horizontalnym-sparovym-profilom\/","og_site_name":"Marcus blog","article_author":"https:\/\/www.facebook.com\/staviame.dom.marcus.sk\/","article_published_time":"2026-04-20T17:05:59+00:00","og_image":[{"width":2048,"height":924,"url":"https:\/\/marcus.sk\/blog\/wp-content\/uploads\/2025\/08\/IMG20250805193511-scaled.jpg","type":"image\/jpeg"}],"author":"Marek Pjen\u010dak","twitter_card":"summary_large_image","twitter_misc":{"Autor":"Marek Pjen\u010dak","Predpokladan\u00fd \u010das \u010d\u00edtania":"1 min\u00fata"},"schema":{"@context":"https:\/\/schema.org","@graph":[{"@type":"Article","@id":"https:\/\/marcus.sk\/blog\/inspiracia-prevetravanej-fasady-s-horizontalnym-sparovym-profilom\/#article","isPartOf":{"@id":"https:\/\/marcus.sk\/blog\/inspiracia-prevetravanej-fasady-s-horizontalnym-sparovym-profilom\/"},"author":{"name":"Marek Pjen\u010dak","@id":"https:\/\/marcus.sk\/blog\/#\/schema\/person\/d3642aca8e2d47ac4f660a56cecd487f"},"headline":"In\u0161pir\u00e1cia prevetr\u00e1vanej fas\u00e1dy s horizont\u00e1lnym \u0161p\u00e1rov\u00fdm profilom","datePublished":"2026-04-20T17:05:59+00:00","mainEntityOfPage":{"@id":"https:\/\/marcus.sk\/blog\/inspiracia-prevetravanej-fasady-s-horizontalnym-sparovym-profilom\/"},"wordCount":189,"commentCount":0,"publisher":{"@id":"https:\/\/marcus.sk\/blog\/#organization"},"image":{"@id":"https:\/\/marcus.sk\/blog\/inspiracia-prevetravanej-fasady-s-horizontalnym-sparovym-profilom\/#primaryimage"},"thumbnailUrl":"https:\/\/marcus.sk\/blog\/wp-content\/uploads\/2025\/08\/IMG20250805193511-scaled.jpg","keywords":["prevetravana fasada","fundermax"],"articleSection":["Prevetr\u00e1van\u00e1 fas\u00e1da"],"inLanguage":"sk-SK","potentialAction":[{"@type":"CommentAction","name":"Comment","target":["https:\/\/marcus.sk\/blog\/inspiracia-prevetravanej-fasady-s-horizontalnym-sparovym-profilom\/#respond"]}]},{"@type":"WebPage","@id":"https:\/\/marcus.sk\/blog\/inspiracia-prevetravanej-fasady-s-horizontalnym-sparovym-profilom\/","url":"https:\/\/marcus.sk\/blog\/inspiracia-prevetravanej-fasady-s-horizontalnym-sparovym-profilom\/","name":"In\u0161pir\u00e1cia prevetr\u00e1vanej fas\u00e1dy s horizont\u00e1lnym \u0161p\u00e1rov\u00fdm profilom - Marcus blog","isPartOf":{"@id":"https:\/\/marcus.sk\/blog\/#website"},"primaryImageOfPage":{"@id":"https:\/\/marcus.sk\/blog\/inspiracia-prevetravanej-fasady-s-horizontalnym-sparovym-profilom\/#primaryimage"},"image":{"@id":"https:\/\/marcus.sk\/blog\/inspiracia-prevetravanej-fasady-s-horizontalnym-sparovym-profilom\/#primaryimage"},"thumbnailUrl":"https:\/\/marcus.sk\/blog\/wp-content\/uploads\/2025\/08\/IMG20250805193511-scaled.jpg","datePublished":"2026-04-20T17:05:59+00:00","description":"In\u0161pir\u00e1cia prevetr\u00e1vanej fas\u00e1dy s horizont\u00e1lnym \u0161p\u00e1rov\u00fdm profilom","breadcrumb":{"@id":"https:\/\/marcus.sk\/blog\/inspiracia-prevetravanej-fasady-s-horizontalnym-sparovym-profilom\/#breadcrumb"},"inLanguage":"sk-SK","potentialAction":[{"@type":"ReadAction","target":["https:\/\/marcus.sk\/blog\/inspiracia-prevetravanej-fasady-s-horizontalnym-sparovym-profilom\/"]}]},{"@type":"ImageObject","inLanguage":"sk-SK","@id":"https:\/\/marcus.sk\/blog\/inspiracia-prevetravanej-fasady-s-horizontalnym-sparovym-profilom\/#primaryimage","url":"https:\/\/marcus.sk\/blog\/wp-content\/uploads\/2025\/08\/IMG20250805193511-scaled.jpg","contentUrl":"https:\/\/marcus.sk\/blog\/wp-content\/uploads\/2025\/08\/IMG20250805193511-scaled.jpg","width":2048,"height":924},{"@type":"BreadcrumbList","@id":"https:\/\/marcus.sk\/blog\/inspiracia-prevetravanej-fasady-s-horizontalnym-sparovym-profilom\/#breadcrumb","itemListElement":[{"@type":"ListItem","position":1,"name":"Home","item":"https:\/\/marcus.sk\/blog\/"},{"@type":"ListItem","position":2,"name":"In\u0161pir\u00e1cia prevetr\u00e1vanej fas\u00e1dy s horizont\u00e1lnym \u0161p\u00e1rov\u00fdm profilom"}]},{"@type":"WebSite","@id":"https:\/\/marcus.sk\/blog\/#website","url":"https:\/\/marcus.sk\/blog\/","name":"Marcus blog","description":"Stavebn\u00e9 profily, n\u00e1radie, izol\u00e1cie","publisher":{"@id":"https:\/\/marcus.sk\/blog\/#organization"},"potentialAction":[{"@type":"SearchAction","target":{"@type":"EntryPoint","urlTemplate":"https:\/\/marcus.sk\/blog\/?s={search_term_string}"},"query-input":{"@type":"PropertyValueSpecification","valueRequired":true,"valueName":"search_term_string"}}],"inLanguage":"sk-SK"},{"@type":"Organization","@id":"https:\/\/marcus.sk\/blog\/#organization","name":"Marcus blog","url":"https:\/\/marcus.sk\/blog\/","logo":{"@type":"ImageObject","inLanguage":"sk-SK","@id":"https:\/\/marcus.sk\/blog\/#\/schema\/logo\/image\/","url":"https:\/\/marcus.sk\/blog\/wp-content\/uploads\/2019\/02\/marcussk-logo-1550231210.jpg","contentUrl":"https:\/\/marcus.sk\/blog\/wp-content\/uploads\/2019\/02\/marcussk-logo-1550231210.jpg","width":508,"height":149,"caption":"Marcus blog"},"image":{"@id":"https:\/\/marcus.sk\/blog\/#\/schema\/logo\/image\/"}},{"@type":"Person","@id":"https:\/\/marcus.sk\/blog\/#\/schema\/person\/d3642aca8e2d47ac4f660a56cecd487f","name":"Marek Pjen\u010dak","image":{"@type":"ImageObject","inLanguage":"sk-SK","@id":"https:\/\/secure.gravatar.com\/avatar\/db9f440173ba20b9cbb919e01d2b06a5fb315e86b43daa7849de27c190ebea42?s=96&d=mm&r=g","url":"https:\/\/secure.gravatar.com\/avatar\/db9f440173ba20b9cbb919e01d2b06a5fb315e86b43daa7849de27c190ebea42?s=96&d=mm&r=g","contentUrl":"https:\/\/secure.gravatar.com\/avatar\/db9f440173ba20b9cbb919e01d2b06a5fb315e86b43daa7849de27c190ebea42?s=96&d=mm&r=g","caption":"Marek Pjen\u010dak"},"sameAs":["http:\/\/www.marcus.sk","https:\/\/www.facebook.com\/staviame.dom.marcus.sk\/"],"url":"https:\/\/marcus.sk\/blog\/author\/volf\/"}]}},"jetpack_featured_media_url":"https:\/\/marcus.sk\/blog\/wp-content\/uploads\/2025\/08\/IMG20250805193511-scaled.jpg","jetpack_sharing_enabled":true,"_links":{"self":[{"href":"https:\/\/marcus.sk\/blog\/wp-json\/wp\/v2\/posts\/19943","targetHints":{"allow":["GET"]}}],"collection":[{"href":"https:\/\/marcus.sk\/blog\/wp-json\/wp\/v2\/posts"}],"about":[{"href":"https:\/\/marcus.sk\/blog\/wp-json\/wp\/v2\/types\/post"}],"author":[{"embeddable":true,"href":"https:\/\/marcus.sk\/blog\/wp-json\/wp\/v2\/users\/1"}],"replies":[{"embeddable":true,"href":"https:\/\/marcus.sk\/blog\/wp-json\/wp\/v2\/comments?post=19943"}],"version-history":[{"count":5,"href":"https:\/\/marcus.sk\/blog\/wp-json\/wp\/v2\/posts\/19943\/revisions"}],"predecessor-version":[{"id":23854,"href":"https:\/\/marcus.sk\/blog\/wp-json\/wp\/v2\/posts\/19943\/revisions\/23854"}],"wp:featuredmedia":[{"embeddable":true,"href":"https:\/\/marcus.sk\/blog\/wp-json\/wp\/v2\/media\/20034"}],"wp:attachment":[{"href":"https:\/\/marcus.sk\/blog\/wp-json\/wp\/v2\/media?parent=19943"}],"wp:term":[{"taxonomy":"category","embeddable":true,"href":"https:\/\/marcus.sk\/blog\/wp-json\/wp\/v2\/categories?post=19943"},{"taxonomy":"post_tag","embeddable":true,"href":"https:\/\/marcus.sk\/blog\/wp-json\/wp\/v2\/tags?post=19943"}],"curies":[{"name":"wp","href":"https:\/\/api.w.org\/{rel}","templated":true}]}}